{"id":11957,"date":"2025-05-07T13:24:15","date_gmt":"2025-05-07T13:24:15","guid":{"rendered":"https:\/\/bureaudesheuresinvisibles.art\/?p=11957"},"modified":"2025-05-07T15:22:53","modified_gmt":"2025-05-07T15:22:53","slug":"vendredi-14-mars-et-samedi-15-mars-2025","status":"publish","type":"post","link":"https:\/\/bureaudesheuresinvisibles.art\/en\/vendredi-14-mars-et-samedi-15-mars-2025","title":{"rendered":"Vendredi 14 mars et Samedi 15 mars 2025"},"content":{"rendered":"\t\t<div data-elementor-type=\"wp-post\" data-elementor-id=\"11957\" class=\"elementor elementor-11957\" data-elementor-post-type=\"post\">\n\t\t\t\t\t\t<section class=\"elementor-section elementor-top-section elementor-element elementor-element-6e7a9f48 elementor-section-boxed elementor-section-height-default elementor-section-height-default\" data-id=\"6e7a9f48\" data-element_type=\"section\">\n\t\t\t\t\t\t<div class=\"elementor-container elementor-column-gap-default\">\n\t\t\t\t\t<div class=\"elementor-column elementor-col-100 elementor-top-column elementor-element elementor-element-242f0255\" data-id=\"242f0255\" data-element_type=\"column\" id=\"toggle\">\n\t\t\t<div class=\"elementor-widget-wrap elementor-element-populated\">\n\t\t\t\t\t\t<div class=\"elementor-element elementor-element-5937bcdb elementor-widget elementor-widget-heading\" data-id=\"5937bcdb\" data-element_type=\"widget\" data-widget_type=\"heading.default\">\n\t\t\t\t\t<h6 class=\"elementor-heading-title elementor-size-default\">Vendredi 14 mars et Samedi 15 mars 2025<\/h6>\t\t\t\t<\/div>\n\t\t\t\t<div class=\"elementor-element elementor-element-78301614 elementor-widget elementor-widget-text-editor\" data-id=\"78301614\" data-element_type=\"widget\" id=\"link\" data-widget_type=\"text-editor.default\">\n\t\t\t\t\t\t\t\t\t<p>Le bureau des heures invisibles a le plaisir de vous inviter \u00e0 une conf\u00e9rence, une rencontre et un vernissage autour du travail r\u00e9cent de l&rsquo;artiste Thomas Hirschhorn.<\/p>\t\t\t\t\t\t\t\t<\/div>\n\t\t\t\t<div class=\"elementor-element elementor-element-77e58864 elementor-widget elementor-widget-bdt-toggle\" data-id=\"77e58864\" data-element_type=\"widget\" id=\"toggle\" data-widget_type=\"bdt-toggle.default\">\n\t\t\t\t<div class=\"elementor-widget-container\">\n\t\t\t\t\t\r\n        <div class=\"bdt-show-hide-container\">\r\n            <div id=\"bdt-show-hide-77e58864\" class=\"bdt-show-hide\" data-settings=\"{&quot;id&quot;:&quot;77e58864&quot;,&quot;scrollspy_top_offset&quot;:70,&quot;scrollspy_time&quot;:1000,&quot;toggle_initially_open&quot;:&quot; &quot;,&quot;by_widget_selector_status&quot;:&quot;no&quot;,&quot;viewport_lg&quot;:1023,&quot;viewport_md&quot;:767}\">\r\n                <div class=\"bdt-show-hide-item \">\r\n                    <div class=\"bdt-show-hide-content\">\r\n                        <p>\u00a0<\/p><p><strong>Vendredi 14 mars 18h30 : \u00a0\u00abPr\u00e9sence et Production\u00bb,\u00a0<br \/>une conf\u00e9rence de Thomas Hirschhorn, dans l\u2019Auditorium de l\u2019<a href=\"https:\/\/gmail.us17.list-manage.com\/track\/click?u=18fdaf9e6b488003a8db9871a&amp;id=df74e54747&amp;e=900fde9099\" target=\"_blank\" rel=\"noopener\">Esam<\/a> Caen\/Caen Cherbourg<\/strong><br \/>en partenariat avec la Millenial Academy\u2014Projet art-science du Mill\u00e9naire de Caen 2025 et \u00a0L\u2019Artoth\u00e8que\u2014Espaces d\u2019art<br \/><br \/><strong>Samedi 15 mars\u00a0<br \/>17h : rencontre avec l&rsquo;artiste<br \/>18h : vernissage de l\u2019exposition<em> Laboratoire des Monuments Tomb\u00e9s<\/em>, du 15 mars au 7 juin 2025<\/strong><br \/><a href=\"https:\/\/gmail.us17.list-manage.com\/track\/click?u=18fdaf9e6b488003a8db9871a&amp;id=62afccdb16&amp;e=900fde9099\" target=\"_blank\" rel=\"noopener\">L&rsquo;Artoth\u00e8que<\/a>\u2014Espaces d\u2019art<br \/>co-commissariat Sarina Basta pour le bhi et l\u2019Artoth\u00e8que, Espaces d\u2019Art Contemporain, Caen\u00a0<br \/><br \/><\/p><p>\u00c0 l&rsquo;occasion de son exposition \u00e0 l&rsquo;Artoth\u00e8que, pour sa conf\u00e9rence \u00e0 l&rsquo;Esam, l\u2019artiste Thomas Hirschhorn explore le concept de \u00ab Pr\u00e9sence et Production \u00bb dont il a fait l\u2019exp\u00e9rience au cours de ses nombreuses sculptures et exp\u00e9rimentations dans et sur l\u2019espace public. La pr\u00e9sence de l\u2019artiste sur les lieux de rencontre avec le public pendant des dur\u00e9es variables peut \u00eatre moteur de dialogue et d\u2019\u00e9changes ; elle d\u00e9clenche une \u00e9nergie mobilisatrice qui anime les propositions artistiques et devient, par son intensit\u00e9, une proposition artistique en soi.<br \/><br \/>L&rsquo;exposition <em>le Laboratoire des Monuments tomb\u00e9s<\/em> pr\u00e9sente une s\u00e9rie de maquettes de l&rsquo;artiste :<br \/>\u00ab La probl\u00e9matique des monuments qui tombent n&rsquo;est pas nouvelle en soi, mais ces derniers temps, cela s\u2019est acc\u00e9l\u00e9r\u00e9 et durci. Que des monuments soient d\u00e9truits, vandalis\u00e9s, d\u00e9mont\u00e9s, ou simplement transform\u00e9s en ruines par l&rsquo;usure du temps, existe &#8211; en effet &#8211; depuis que l&rsquo;on construit des monuments.<br \/>Ma position sur ce sujet a toujours \u00e9t\u00e9 d\u00e9finie selon l&rsquo;affirmation que seul un monument \u00e9rig\u00e9 par amour peut durer. Mes travaux r\u00e9cents nomm\u00e9s <em>Model for a Monument <\/em>veulent insister sur la logique que tout monument porte en soi sa propre disparition quand il est bas\u00e9 sur le pouvoir, l&rsquo;id\u00e9ologie, la domination ou l&rsquo;intimidation [&#8230;] \u00bb &#8211; Thomas Hirschhorn<br \/>\u00a0<br \/>N\u00e9 en 1957 \u00e0 Berne, Thomas Hirschhorn fait ses \u00e9tudes \u00e0 Zurich et s\u2019installe \u00e0 Paris en 1983. Depuis le milieu des ann\u00e9es quatre-vingt, l\u2019artiste propose des sculptures pr\u00e9caires faites de mat\u00e9riaux comme le carton, le papier aluminium, l\u2019adh\u00e9sif, le plastique. Ajoutant des photocopies, des images d\u00e9coup\u00e9es dans des journaux ou des magazines, des photographies, il y inscrit au marqueur ses commentaires ou interrogations sur des th\u00e8mes r\u00e9currents : l&rsquo;art, l\u2019\u00e9conomie, la politique, la philosophie.\u00a0<\/p><p>\u00a0<\/p>                    <\/div>\r\n\r\n                    <a class=\"bdt-show-hide-title\" href='javascript:void(0)'>\r\n                        <!--  -->\r\n                                                <!--  -->\r\n                        <span class=\"bdt-toggle-open\">\r\n                            en savoir plus                        <\/span>\r\n                        <span class=\"bdt-toggle-close\">\r\n                            fermer                        <\/span>\r\n                        \r\n                    <\/a>\r\n                <\/div>\r\n            <\/div>\r\n        <\/div>\r\n\r\n\t\t\t\t<\/div>\n\t\t\t\t<\/div>\n\t\t\t\t<div class=\"elementor-element elementor-element-5386a94 elementor-widget elementor-widget-image\" data-id=\"5386a94\" data-element_type=\"widget\" data-widget_type=\"image.default\">\n\t\t\t\t\t\t\t\t\t\t\t\t\t\t\t\t<a href=\"https:\/\/bureaudesheuresinvisibles.art\/wp-content\/uploads\/2025\/05\/Capture-decran-2025-05-07-a-15.16.28.png\" data-elementor-open-lightbox=\"yes\" data-e-action-hash=\"#elementor-action%3Aaction%3Dlightbox%26settings%3DeyJpZCI6MTE5NTgsInVybCI6Imh0dHBzOlwvXC9idXJlYXVkZXNoZXVyZXNpbnZpc2libGVzLmFydFwvd3AtY29udGVudFwvdXBsb2Fkc1wvMjAyNVwvMDVcL0NhcHR1cmUtZGVjcmFuLTIwMjUtMDUtMDctYS0xNS4xNi4yOC5wbmcifQ%3D%3D\">\n\t\t\t\t\t\t\t<img fetchpriority=\"high\" width=\"800\" height=\"536\" src=\"https:\/\/bureaudesheuresinvisibles.art\/wp-content\/uploads\/2025\/05\/Capture-decran-2025-05-07-a-15.16.28-1024x686.png\" class=\"attachment-large size-large wp-image-11958\" alt=\"\" decoding=\"async\" srcset=\"https:\/\/bureaudesheuresinvisibles.art\/wp-content\/uploads\/2025\/05\/Capture-decran-2025-05-07-a-15.16.28-1024x686.png 1024w, https:\/\/bureaudesheuresinvisibles.art\/wp-content\/uploads\/2025\/05\/Capture-decran-2025-05-07-a-15.16.28-300x201.png 300w, https:\/\/bureaudesheuresinvisibles.art\/wp-content\/uploads\/2025\/05\/Capture-decran-2025-05-07-a-15.16.28-768x515.png 768w, https:\/\/bureaudesheuresinvisibles.art\/wp-content\/uploads\/2025\/05\/Capture-decran-2025-05-07-a-15.16.28-18x12.png 18w, https:\/\/bureaudesheuresinvisibles.art\/wp-content\/uploads\/2025\/05\/Capture-decran-2025-05-07-a-15.16.28.png 1128w\" sizes=\"(max-width: 800px) 100vw, 800px\" \/>\t\t\t\t\t\t\t\t<\/a>\n\t\t\t\t\t\t\t\t\t\t\t\t\t\t\t<\/div>\n\t\t\t\t<div class=\"elementor-element elementor-element-12f43f3f elementor-widget elementor-widget-spacer\" data-id=\"12f43f3f\" data-element_type=\"widget\" data-widget_type=\"spacer.default\">\n\t\t\t\t\t\t\t<div class=\"elementor-spacer\">\n\t\t\t<div class=\"elementor-spacer-inner\"><\/div>\n\t\t<\/div>\n\t\t\t\t\t\t<\/div>\n\t\t\t\t\t<\/div>\n\t\t<\/div>\n\t\t\t\t\t<\/div>\n\t\t<\/section>\n\t\t\t\t<\/div>\n\t\t","protected":false},"excerpt":{"rendered":"<p>Vendredi 14 mars et Samedi 15 mars 2025 Le bureau des heures invisibles a le plaisir de vous inviter \u00e0 une conf\u00e9rence, une rencontre et un vernissage autour du travail r\u00e9cent de l&rsquo;artiste Thomas Hirschhorn. \u00a0 Vendredi 14 mars 18h30 : \u00a0\u00abPr\u00e9sence et Production\u00bb,\u00a0une conf\u00e9rence de Thomas Hirschhorn, dans l\u2019Auditorium de l\u2019Esam Caen\/Caen Cherbourgen partenariat [&hellip;]<\/p>\n","protected":false},"author":1,"featured_media":0,"comment_status":"open","ping_status":"open","sticky":false,"template":"","format":"standard","meta":{"footnotes":""},"categories":[84],"tags":[],"class_list":["post-11957","post","type-post","status-publish","format-standard","hentry","category-84"],"yoast_head":"<!-- This site is optimized with the Yoast SEO plugin v27.5 - https:\/\/yoast.com\/product\/yoast-seo-wordpress\/ -->\n<title>Vendredi 14 mars et Samedi 15 mars 2025 - bureau des heures invisibles<\/title>\n<meta name=\"robots\" content=\"index, follow, max-snippet:-1, max-image-preview:large, max-video-preview:-1\" \/>\n<link rel=\"canonical\" href=\"https:\/\/bureaudesheuresinvisibles.art\/en\/vendredi-14-mars-et-samedi-15-mars-2025\/\" \/>\n<meta property=\"og:locale\" content=\"en_US\" \/>\n<meta property=\"og:type\" content=\"article\" \/>\n<meta property=\"og:title\" content=\"Vendredi 14 mars et Samedi 15 mars 2025 - bureau des heures invisibles\" \/>\n<meta property=\"og:description\" content=\"Vendredi 14 mars et Samedi 15 mars 2025 Le bureau des heures invisibles a le plaisir de vous inviter \u00e0 une conf\u00e9rence, une rencontre et un vernissage autour du travail r\u00e9cent de l&rsquo;artiste Thomas Hirschhorn. \u00a0 Vendredi 14 mars 18h30 : \u00a0\u00abPr\u00e9sence et Production\u00bb,\u00a0une conf\u00e9rence de Thomas Hirschhorn, dans l\u2019Auditorium de l\u2019Esam Caen\/Caen Cherbourgen partenariat [&hellip;]\" \/>\n<meta property=\"og:url\" content=\"https:\/\/bureaudesheuresinvisibles.art\/en\/vendredi-14-mars-et-samedi-15-mars-2025\/\" \/>\n<meta property=\"og:site_name\" content=\"bureau des heures invisibles\" \/>\n<meta property=\"article:published_time\" content=\"2025-05-07T13:24:15+00:00\" \/>\n<meta property=\"article:modified_time\" content=\"2025-05-07T15:22:53+00:00\" \/>\n<meta property=\"og:image\" content=\"https:\/\/bureaudesheuresinvisibles.art\/wp-content\/uploads\/2025\/05\/Capture-decran-2025-05-07-a-15.16.28.png\" \/>\n\t<meta property=\"og:image:width\" content=\"1128\" \/>\n\t<meta property=\"og:image:height\" content=\"756\" \/>\n\t<meta property=\"og:image:type\" content=\"image\/png\" \/>\n<meta name=\"author\" content=\"bhi789632415\" \/>\n<meta name=\"twitter:card\" content=\"summary_large_image\" \/>\n<meta name=\"twitter:label1\" content=\"Written by\" \/>\n\t<meta name=\"twitter:data1\" content=\"bhi789632415\" \/>\n\t<meta name=\"twitter:label2\" content=\"Est. reading time\" \/>\n\t<meta name=\"twitter:data2\" content=\"3 minutes\" \/>\n<script type=\"application\/ld+json\" class=\"yoast-schema-graph\">{\"@context\":\"https:\\\/\\\/schema.org\",\"@graph\":[{\"@type\":\"Article\",\"@id\":\"https:\\\/\\\/bureaudesheuresinvisibles.art\\\/vendredi-14-mars-et-samedi-15-mars-2025#article\",\"isPartOf\":{\"@id\":\"https:\\\/\\\/bureaudesheuresinvisibles.art\\\/vendredi-14-mars-et-samedi-15-mars-2025\"},\"author\":{\"name\":\"bhi789632415\",\"@id\":\"https:\\\/\\\/bureaudesheuresinvisibles.art\\\/#\\\/schema\\\/person\\\/47d4ffba3b9215041cda77dc3b21bf4e\"},\"headline\":\"Vendredi 14 mars et Samedi 15 mars 2025\",\"datePublished\":\"2025-05-07T13:24:15+00:00\",\"dateModified\":\"2025-05-07T15:22:53+00:00\",\"mainEntityOfPage\":{\"@id\":\"https:\\\/\\\/bureaudesheuresinvisibles.art\\\/vendredi-14-mars-et-samedi-15-mars-2025\"},\"wordCount\":455,\"commentCount\":0,\"publisher\":{\"@id\":\"https:\\\/\\\/bureaudesheuresinvisibles.art\\\/#organization\"},\"image\":{\"@id\":\"https:\\\/\\\/bureaudesheuresinvisibles.art\\\/vendredi-14-mars-et-samedi-15-mars-2025#primaryimage\"},\"thumbnailUrl\":\"https:\\\/\\\/bureaudesheuresinvisibles.art\\\/wp-content\\\/uploads\\\/2025\\\/05\\\/Capture-decran-2025-05-07-a-15.16.28-1024x686.png\",\"articleSection\":[\"2025\"],\"inLanguage\":\"en-US\"},{\"@type\":\"WebPage\",\"@id\":\"https:\\\/\\\/bureaudesheuresinvisibles.art\\\/vendredi-14-mars-et-samedi-15-mars-2025\",\"url\":\"https:\\\/\\\/bureaudesheuresinvisibles.art\\\/vendredi-14-mars-et-samedi-15-mars-2025\",\"name\":\"Vendredi 14 mars et Samedi 15 mars 2025 - bureau des heures invisibles\",\"isPartOf\":{\"@id\":\"https:\\\/\\\/bureaudesheuresinvisibles.art\\\/#website\"},\"primaryImageOfPage\":{\"@id\":\"https:\\\/\\\/bureaudesheuresinvisibles.art\\\/vendredi-14-mars-et-samedi-15-mars-2025#primaryimage\"},\"image\":{\"@id\":\"https:\\\/\\\/bureaudesheuresinvisibles.art\\\/vendredi-14-mars-et-samedi-15-mars-2025#primaryimage\"},\"thumbnailUrl\":\"https:\\\/\\\/bureaudesheuresinvisibles.art\\\/wp-content\\\/uploads\\\/2025\\\/05\\\/Capture-decran-2025-05-07-a-15.16.28-1024x686.png\",\"datePublished\":\"2025-05-07T13:24:15+00:00\",\"dateModified\":\"2025-05-07T15:22:53+00:00\",\"breadcrumb\":{\"@id\":\"https:\\\/\\\/bureaudesheuresinvisibles.art\\\/vendredi-14-mars-et-samedi-15-mars-2025#breadcrumb\"},\"inLanguage\":\"en-US\",\"potentialAction\":[{\"@type\":\"ReadAction\",\"target\":[\"https:\\\/\\\/bureaudesheuresinvisibles.art\\\/vendredi-14-mars-et-samedi-15-mars-2025\"]}]},{\"@type\":\"ImageObject\",\"inLanguage\":\"en-US\",\"@id\":\"https:\\\/\\\/bureaudesheuresinvisibles.art\\\/vendredi-14-mars-et-samedi-15-mars-2025#primaryimage\",\"url\":\"https:\\\/\\\/bureaudesheuresinvisibles.art\\\/wp-content\\\/uploads\\\/2025\\\/05\\\/Capture-decran-2025-05-07-a-15.16.28-1024x686.png\",\"contentUrl\":\"https:\\\/\\\/bureaudesheuresinvisibles.art\\\/wp-content\\\/uploads\\\/2025\\\/05\\\/Capture-decran-2025-05-07-a-15.16.28-1024x686.png\"},{\"@type\":\"BreadcrumbList\",\"@id\":\"https:\\\/\\\/bureaudesheuresinvisibles.art\\\/vendredi-14-mars-et-samedi-15-mars-2025#breadcrumb\",\"itemListElement\":[{\"@type\":\"ListItem\",\"position\":1,\"name\":\"Accueil\",\"item\":\"https:\\\/\\\/bureaudesheuresinvisibles.art\\\/\"},{\"@type\":\"ListItem\",\"position\":2,\"name\":\"Vendredi 14 mars et Samedi 15 mars 2025\"}]},{\"@type\":\"WebSite\",\"@id\":\"https:\\\/\\\/bureaudesheuresinvisibles.art\\\/#website\",\"url\":\"https:\\\/\\\/bureaudesheuresinvisibles.art\\\/\",\"name\":\"bureau des heures invisibles\",\"description\":\"\",\"publisher\":{\"@id\":\"https:\\\/\\\/bureaudesheuresinvisibles.art\\\/#organization\"},\"potentialAction\":[{\"@type\":\"SearchAction\",\"target\":{\"@type\":\"EntryPoint\",\"urlTemplate\":\"https:\\\/\\\/bureaudesheuresinvisibles.art\\\/?s={search_term_string}\"},\"query-input\":{\"@type\":\"PropertyValueSpecification\",\"valueRequired\":true,\"valueName\":\"search_term_string\"}}],\"inLanguage\":\"en-US\"},{\"@type\":\"Organization\",\"@id\":\"https:\\\/\\\/bureaudesheuresinvisibles.art\\\/#organization\",\"name\":\"bureau des heures invisibles\",\"url\":\"https:\\\/\\\/bureaudesheuresinvisibles.art\\\/\",\"logo\":{\"@type\":\"ImageObject\",\"inLanguage\":\"en-US\",\"@id\":\"https:\\\/\\\/bureaudesheuresinvisibles.art\\\/#\\\/schema\\\/logo\\\/image\\\/\",\"url\":\"https:\\\/\\\/bureaudesheuresinvisibles.art\\\/wp-content\\\/uploads\\\/2022\\\/07\\\/logobhi_Plan-de-travail-1.png\",\"contentUrl\":\"https:\\\/\\\/bureaudesheuresinvisibles.art\\\/wp-content\\\/uploads\\\/2022\\\/07\\\/logobhi_Plan-de-travail-1.png\",\"width\":1549,\"height\":509,\"caption\":\"bureau des heures invisibles\"},\"image\":{\"@id\":\"https:\\\/\\\/bureaudesheuresinvisibles.art\\\/#\\\/schema\\\/logo\\\/image\\\/\"},\"sameAs\":[\"https:\\\/\\\/www.instagram.com\\\/bureaudesheuresinvisibles\\\/\"]},{\"@type\":\"Person\",\"@id\":\"https:\\\/\\\/bureaudesheuresinvisibles.art\\\/#\\\/schema\\\/person\\\/47d4ffba3b9215041cda77dc3b21bf4e\",\"name\":\"bhi789632415\",\"image\":{\"@type\":\"ImageObject\",\"inLanguage\":\"en-US\",\"@id\":\"https:\\\/\\\/secure.gravatar.com\\\/avatar\\\/71dee3c96e6d7fffbaf42a74451ab63007d7a6399cb2055f7147cb2753ce5fb6?s=96&d=mm&r=g\",\"url\":\"https:\\\/\\\/secure.gravatar.com\\\/avatar\\\/71dee3c96e6d7fffbaf42a74451ab63007d7a6399cb2055f7147cb2753ce5fb6?s=96&d=mm&r=g\",\"contentUrl\":\"https:\\\/\\\/secure.gravatar.com\\\/avatar\\\/71dee3c96e6d7fffbaf42a74451ab63007d7a6399cb2055f7147cb2753ce5fb6?s=96&d=mm&r=g\",\"caption\":\"bhi789632415\"},\"sameAs\":[\"http:\\\/\\\/bureaudesheuresinvisibles.art\"],\"url\":\"https:\\\/\\\/bureaudesheuresinvisibles.art\\\/en\\\/author\\\/bhi789632415\"}]}<\/script>\n<!-- \/ Yoast SEO plugin. -->","yoast_head_json":{"title":"Vendredi 14 mars et Samedi 15 mars 2025 - bureau des heures invisibles","robots":{"index":"index","follow":"follow","max-snippet":"max-snippet:-1","max-image-preview":"max-image-preview:large","max-video-preview":"max-video-preview:-1"},"canonical":"https:\/\/bureaudesheuresinvisibles.art\/en\/vendredi-14-mars-et-samedi-15-mars-2025\/","og_locale":"en_US","og_type":"article","og_title":"Vendredi 14 mars et Samedi 15 mars 2025 - bureau des heures invisibles","og_description":"Vendredi 14 mars et Samedi 15 mars 2025 Le bureau des heures invisibles a le plaisir de vous inviter \u00e0 une conf\u00e9rence, une rencontre et un vernissage autour du travail r\u00e9cent de l&rsquo;artiste Thomas Hirschhorn. \u00a0 Vendredi 14 mars 18h30 : \u00a0\u00abPr\u00e9sence et Production\u00bb,\u00a0une conf\u00e9rence de Thomas Hirschhorn, dans l\u2019Auditorium de l\u2019Esam Caen\/Caen Cherbourgen partenariat [&hellip;]","og_url":"https:\/\/bureaudesheuresinvisibles.art\/en\/vendredi-14-mars-et-samedi-15-mars-2025\/","og_site_name":"bureau des heures invisibles","article_published_time":"2025-05-07T13:24:15+00:00","article_modified_time":"2025-05-07T15:22:53+00:00","og_image":[{"width":1128,"height":756,"url":"https:\/\/bureaudesheuresinvisibles.art\/wp-content\/uploads\/2025\/05\/Capture-decran-2025-05-07-a-15.16.28.png","type":"image\/png"}],"author":"bhi789632415","twitter_card":"summary_large_image","twitter_misc":{"Written by":"bhi789632415","Est. reading time":"3 minutes"},"schema":{"@context":"https:\/\/schema.org","@graph":[{"@type":"Article","@id":"https:\/\/bureaudesheuresinvisibles.art\/vendredi-14-mars-et-samedi-15-mars-2025#article","isPartOf":{"@id":"https:\/\/bureaudesheuresinvisibles.art\/vendredi-14-mars-et-samedi-15-mars-2025"},"author":{"name":"bhi789632415","@id":"https:\/\/bureaudesheuresinvisibles.art\/#\/schema\/person\/47d4ffba3b9215041cda77dc3b21bf4e"},"headline":"Vendredi 14 mars et Samedi 15 mars 2025","datePublished":"2025-05-07T13:24:15+00:00","dateModified":"2025-05-07T15:22:53+00:00","mainEntityOfPage":{"@id":"https:\/\/bureaudesheuresinvisibles.art\/vendredi-14-mars-et-samedi-15-mars-2025"},"wordCount":455,"commentCount":0,"publisher":{"@id":"https:\/\/bureaudesheuresinvisibles.art\/#organization"},"image":{"@id":"https:\/\/bureaudesheuresinvisibles.art\/vendredi-14-mars-et-samedi-15-mars-2025#primaryimage"},"thumbnailUrl":"https:\/\/bureaudesheuresinvisibles.art\/wp-content\/uploads\/2025\/05\/Capture-decran-2025-05-07-a-15.16.28-1024x686.png","articleSection":["2025"],"inLanguage":"en-US"},{"@type":"WebPage","@id":"https:\/\/bureaudesheuresinvisibles.art\/vendredi-14-mars-et-samedi-15-mars-2025","url":"https:\/\/bureaudesheuresinvisibles.art\/vendredi-14-mars-et-samedi-15-mars-2025","name":"Vendredi 14 mars et Samedi 15 mars 2025 - bureau des heures invisibles","isPartOf":{"@id":"https:\/\/bureaudesheuresinvisibles.art\/#website"},"primaryImageOfPage":{"@id":"https:\/\/bureaudesheuresinvisibles.art\/vendredi-14-mars-et-samedi-15-mars-2025#primaryimage"},"image":{"@id":"https:\/\/bureaudesheuresinvisibles.art\/vendredi-14-mars-et-samedi-15-mars-2025#primaryimage"},"thumbnailUrl":"https:\/\/bureaudesheuresinvisibles.art\/wp-content\/uploads\/2025\/05\/Capture-decran-2025-05-07-a-15.16.28-1024x686.png","datePublished":"2025-05-07T13:24:15+00:00","dateModified":"2025-05-07T15:22:53+00:00","breadcrumb":{"@id":"https:\/\/bureaudesheuresinvisibles.art\/vendredi-14-mars-et-samedi-15-mars-2025#breadcrumb"},"inLanguage":"en-US","potentialAction":[{"@type":"ReadAction","target":["https:\/\/bureaudesheuresinvisibles.art\/vendredi-14-mars-et-samedi-15-mars-2025"]}]},{"@type":"ImageObject","inLanguage":"en-US","@id":"https:\/\/bureaudesheuresinvisibles.art\/vendredi-14-mars-et-samedi-15-mars-2025#primaryimage","url":"https:\/\/bureaudesheuresinvisibles.art\/wp-content\/uploads\/2025\/05\/Capture-decran-2025-05-07-a-15.16.28-1024x686.png","contentUrl":"https:\/\/bureaudesheuresinvisibles.art\/wp-content\/uploads\/2025\/05\/Capture-decran-2025-05-07-a-15.16.28-1024x686.png"},{"@type":"BreadcrumbList","@id":"https:\/\/bureaudesheuresinvisibles.art\/vendredi-14-mars-et-samedi-15-mars-2025#breadcrumb","itemListElement":[{"@type":"ListItem","position":1,"name":"Accueil","item":"https:\/\/bureaudesheuresinvisibles.art\/"},{"@type":"ListItem","position":2,"name":"Vendredi 14 mars et Samedi 15 mars 2025"}]},{"@type":"WebSite","@id":"https:\/\/bureaudesheuresinvisibles.art\/#website","url":"https:\/\/bureaudesheuresinvisibles.art\/","name":"bureau des heures invisibles","description":"","publisher":{"@id":"https:\/\/bureaudesheuresinvisibles.art\/#organization"},"potentialAction":[{"@type":"SearchAction","target":{"@type":"EntryPoint","urlTemplate":"https:\/\/bureaudesheuresinvisibles.art\/?s={search_term_string}"},"query-input":{"@type":"PropertyValueSpecification","valueRequired":true,"valueName":"search_term_string"}}],"inLanguage":"en-US"},{"@type":"Organization","@id":"https:\/\/bureaudesheuresinvisibles.art\/#organization","name":"bureau des heures invisibles","url":"https:\/\/bureaudesheuresinvisibles.art\/","logo":{"@type":"ImageObject","inLanguage":"en-US","@id":"https:\/\/bureaudesheuresinvisibles.art\/#\/schema\/logo\/image\/","url":"https:\/\/bureaudesheuresinvisibles.art\/wp-content\/uploads\/2022\/07\/logobhi_Plan-de-travail-1.png","contentUrl":"https:\/\/bureaudesheuresinvisibles.art\/wp-content\/uploads\/2022\/07\/logobhi_Plan-de-travail-1.png","width":1549,"height":509,"caption":"bureau des heures invisibles"},"image":{"@id":"https:\/\/bureaudesheuresinvisibles.art\/#\/schema\/logo\/image\/"},"sameAs":["https:\/\/www.instagram.com\/bureaudesheuresinvisibles\/"]},{"@type":"Person","@id":"https:\/\/bureaudesheuresinvisibles.art\/#\/schema\/person\/47d4ffba3b9215041cda77dc3b21bf4e","name":"bhi789632415","image":{"@type":"ImageObject","inLanguage":"en-US","@id":"https:\/\/secure.gravatar.com\/avatar\/71dee3c96e6d7fffbaf42a74451ab63007d7a6399cb2055f7147cb2753ce5fb6?s=96&d=mm&r=g","url":"https:\/\/secure.gravatar.com\/avatar\/71dee3c96e6d7fffbaf42a74451ab63007d7a6399cb2055f7147cb2753ce5fb6?s=96&d=mm&r=g","contentUrl":"https:\/\/secure.gravatar.com\/avatar\/71dee3c96e6d7fffbaf42a74451ab63007d7a6399cb2055f7147cb2753ce5fb6?s=96&d=mm&r=g","caption":"bhi789632415"},"sameAs":["http:\/\/bureaudesheuresinvisibles.art"],"url":"https:\/\/bureaudesheuresinvisibles.art\/en\/author\/bhi789632415"}]}},"jetpack_featured_media_url":"","_links":{"self":[{"href":"https:\/\/bureaudesheuresinvisibles.art\/en\/wp-json\/wp\/v2\/posts\/11957","targetHints":{"allow":["GET"]}}],"collection":[{"href":"https:\/\/bureaudesheuresinvisibles.art\/en\/wp-json\/wp\/v2\/posts"}],"about":[{"href":"https:\/\/bureaudesheuresinvisibles.art\/en\/wp-json\/wp\/v2\/types\/post"}],"author":[{"embeddable":true,"href":"https:\/\/bureaudesheuresinvisibles.art\/en\/wp-json\/wp\/v2\/users\/1"}],"replies":[{"embeddable":true,"href":"https:\/\/bureaudesheuresinvisibles.art\/en\/wp-json\/wp\/v2\/comments?post=11957"}],"version-history":[{"count":3,"href":"https:\/\/bureaudesheuresinvisibles.art\/en\/wp-json\/wp\/v2\/posts\/11957\/revisions"}],"predecessor-version":[{"id":11961,"href":"https:\/\/bureaudesheuresinvisibles.art\/en\/wp-json\/wp\/v2\/posts\/11957\/revisions\/11961"}],"wp:attachment":[{"href":"https:\/\/bureaudesheuresinvisibles.art\/en\/wp-json\/wp\/v2\/media?parent=11957"}],"wp:term":[{"taxonomy":"category","embeddable":true,"href":"https:\/\/bureaudesheuresinvisibles.art\/en\/wp-json\/wp\/v2\/categories?post=11957"},{"taxonomy":"post_tag","embeddable":true,"href":"https:\/\/bureaudesheuresinvisibles.art\/en\/wp-json\/wp\/v2\/tags?post=11957"}],"curies":[{"name":"wp","href":"https:\/\/api.w.org\/{rel}","templated":true}]}}