{"id":12001,"date":"2025-12-12T21:35:32","date_gmt":"2025-12-12T21:35:32","guid":{"rendered":"https:\/\/bureaudesheuresinvisibles.art\/?p=12001"},"modified":"2025-12-12T21:44:58","modified_gmt":"2025-12-12T21:44:58","slug":"mardi-4-novembre-2025","status":"publish","type":"post","link":"https:\/\/bureaudesheuresinvisibles.art\/en\/mardi-4-novembre-2025","title":{"rendered":"Mardi 4 novembre 2025"},"content":{"rendered":"<div data-elementor-type=\"wp-post\" data-elementor-id=\"12001\" class=\"elementor elementor-12001\" data-elementor-post-type=\"post\">\n\t\t\t\t\t\t<section class=\"elementor-section elementor-top-section elementor-element elementor-element-1e421b73 elementor-section-boxed elementor-section-height-default elementor-section-height-default\" data-id=\"1e421b73\" data-element_type=\"section\">\n\t\t\t\t\t\t<div class=\"elementor-container elementor-column-gap-default\">\n\t\t\t\t\t<div class=\"elementor-column elementor-col-100 elementor-top-column elementor-element elementor-element-219b6940\" data-id=\"219b6940\" data-element_type=\"column\" id=\"toggle\">\n\t\t\t<div class=\"elementor-widget-wrap elementor-element-populated\">\n\t\t\t\t\t\t<div class=\"elementor-element elementor-element-58b3f3d elementor-widget elementor-widget-heading\" data-id=\"58b3f3d\" data-element_type=\"widget\" data-widget_type=\"heading.default\">\n\t\t\t\t\t<h6 class=\"elementor-heading-title elementor-size-default\">Mercredi 14 et Samedi 17 janvier 2026<\/h6>\t\t\t\t<\/div>\n\t\t\t\t<div class=\"elementor-element elementor-element-7a1c8fc elementor-widget elementor-widget-text-editor\" data-id=\"7a1c8fc\" data-element_type=\"widget\" id=\"link\" data-widget_type=\"text-editor.default\">\n\t\t\t\t\t\t\t\t\t<p>Le bureau des heures invisibles a le plaisir de vous inviter \u00e0 une s\u00e9rie d&rsquo;ateliers\/co-cr\u00e9ation d&rsquo;oeuvres autour de l&rsquo;exposition Lilit Letourneur, <em>Projet Aquarium : De l\u2019eau et des gestes.<\/em><\/p>\t\t\t\t\t\t\t\t<\/div>\n\t\t\t\t<div class=\"elementor-element elementor-element-64bfca8d elementor-widget elementor-widget-bdt-toggle\" data-id=\"64bfca8d\" data-element_type=\"widget\" id=\"toggle\" data-widget_type=\"bdt-toggle.default\">\n\t\t\t\t<div class=\"elementor-widget-container\">\n\t\t\t\t\t\r\n        <div class=\"bdt-show-hide-container\">\r\n            <div id=\"bdt-show-hide-64bfca8d\" class=\"bdt-show-hide\" data-settings=\"{&quot;id&quot;:&quot;64bfca8d&quot;,&quot;scrollspy_top_offset&quot;:70,&quot;scrollspy_time&quot;:1000,&quot;toggle_initially_open&quot;:&quot; &quot;,&quot;by_widget_selector_status&quot;:&quot;no&quot;,&quot;viewport_lg&quot;:1023,&quot;viewport_md&quot;:767}\">\r\n                <div class=\"bdt-show-hide-item\">\r\n                    <div class=\"bdt-show-hide-content\">\r\n                        <p>\u00a0<\/p><p><span style=\"text-decoration: underline;\">Lilit Letourneur<\/span> fait la rencontre de l&rsquo;Atelier La D\u00e9brouille, lors de son stage au bhi en 2024\/2025. De l\u00e0 elle co-cr\u00e9e une s\u00e9rie d&rsquo;oeuvres pr\u00e9sent\u00e9es dans le contexte de son dipl\u00f4me en art, design et transition \u00e0 l&rsquo;ESAM.<\/p><p>\u00a0<\/p><p>\u00ab\u00a0Dans le cadre de la future d\u00e9molition du b\u00e2timent \u00abAquarium\u00bb accueillant plusieurs associations dont une de couture, j\u2019ai men\u00e9 une permanence artistique d\u2019un mois. Cette pr\u00e9sence m\u2019a permis de rencontrer et de collaborer avec les femmes qui fr\u00e9quentent cet espace, en ouvrant un dialogue autour des dimensions symboliques, sociales et personnelles li\u00e9es \u00e0 cette disparition. Au terme de ce travail collectif, une structure de 6 m\u00e8tres sur 2,5 m\u00e8tres a \u00e9t\u00e9 construite. Elle reprend les dimensions exactes d\u2019une partie du b\u00e2timent qui fait office d\u2019espace public d\u00e9di\u00e9 aux femmes. D\u2019autres \u0153uvres compl\u00e9mentaires ont \u00e9galement \u00e9t\u00e9 cr\u00e9\u00e9es, comme un carnet de bord vid\u00e9o reprenant les \u00e9tapes de cr\u00e9ation, des photographies pr\u00e9sentant l\u2019atmosph\u00e8re du lieu et un livre en tissu retra\u00e7ant le chemin des femmes se rendant \u00e0 l\u2019Aquarium.\u00a0\u00bb<\/p><p>Lilit Letourneur<\/p><p>\u00a0<\/p><p>Un lien vers une vid\u00e9o autour de la production du projet est disponible <span style=\"text-decoration: underline;\"><a href=\"https:\/\/www.youtube.com\/watch?v=w9vu2LoJpLM\">ici<\/a><\/span>.<\/p><p>\u00a0<\/p><p>Dans le cadre de l&rsquo;exposition, l&rsquo;artiste propose une s\u00e9rie d&rsquo;ateliers \u00e0 la M\u00e9diath\u00e8que Henri Michaux : gratuits et ouverts \u00e0 tous sur inscription au 01 71 86 34 41 ou sur bureaudesheuresinvisibles@gmail.com<\/p><p>\u00a0<\/p><p>Vernissage le 4 novembre de 17h \u00e0 19h, collation par Nadia Ladj Mediath\u00e8que Henri Michaud (27 bis rue Lopez et Jules Martin &#8211; Aubervilliers.)<\/p><p>Exposition jusqu&rsquo;au samedi 25 janvier, 2026<\/p><p>\u00a0<\/p><p>Mercredi 14 janvier \u00e0 15h00 : atelier peinture (tout public)<\/p><p>Samedi 17 janvier \u00e0 15h00 : atelier broderie (d\u00e8s 10 ans)<\/p><p>\u00a0<\/p><p><span style=\"text-decoration: underline;\">Lilit Letourneur<\/span> est une artiste fran\u00e7aise d\u2019origine arm\u00e9nienne, n\u00e9e en 1996. Dipl\u00f4m\u00e9e de l\u2019\u00c9cole sup\u00e9rieure d\u2019art et m\u00e9dias de Caen et de Sciences Po Rennes, elle d\u00e9veloppe une pratique \u00e0 la crois\u00e9e de l\u2019art participatif, de la recherche sociale et de l\u2019exp\u00e9rimentation collective. Son travail explore la cr\u00e9ation comme un espace d\u2019\u00e9change, de dialogue et de co-construction, o\u00f9 la cr\u00e9ativit\u00e9 devient un outil d\u2019engagement et de transformation sociale.<\/p><p>\u00a0<\/p><p>Pour tout renseignement: bureaudesheuresinvisibles@gmail.com ou\/or bureaudesheuresinvisibles.art<\/p><p>\u00a0<\/p><p>Cette programmation est soutenue par la Ville d&rsquo;Aubervilliers et la pr\u00e9fecture de Seine Saint Denis.<\/p><p>\u00a0<\/p><p>Remerciements : L&rsquo;\u00e9quipe de la M\u00e9diath\u00e8que Henri Michaux, Atelier La D\u00e9brouille, l&rsquo;\u00e9sam Cherbourg, Caen, la Direction de la Culture, Ville d&rsquo;Aubervilliers et ses \u00e9quipes.<\/p><p>\u00a0<\/p>                    <\/div>\r\n\r\n                    <a class=\"bdt-show-hide-title\" href='javascript:void(0)'>\r\n                        <!--  -->\r\n                                                <!--  -->\r\n                        <span class=\"bdt-toggle-open\">\r\n                            en savoir plus                        <\/span>\r\n                        <span class=\"bdt-toggle-close\">\r\n                            fermer                        <\/span>\r\n                        \r\n                    <\/a>\r\n                <\/div>\r\n            <\/div>\r\n        <\/div>\r\n\r\n\t\t\t\t<\/div>\n\t\t\t\t<\/div>\n\t\t\t\t<div class=\"elementor-element elementor-element-6c73bb6a elementor-widget elementor-widget-image\" data-id=\"6c73bb6a\" data-element_type=\"widget\" data-widget_type=\"image.default\">\n\t\t\t\t\t\t\t\t\t\t\t\t\t\t\t\t<a href=\"https:\/\/bureaudesheuresinvisibles.art\/wp-content\/uploads\/2025\/12\/7b6531a9-30da-be96-e23f-ee896c5f1ad1-scaled.jpg\" data-elementor-open-lightbox=\"yes\" data-e-action-hash=\"#elementor-action%3Aaction%3Dlightbox%26settings%3DeyJpZCI6MTIwMDMsInVybCI6Imh0dHBzOlwvXC9idXJlYXVkZXNoZXVyZXNpbnZpc2libGVzLmFydFwvd3AtY29udGVudFwvdXBsb2Fkc1wvMjAyNVwvMTJcLzdiNjUzMWE5LTMwZGEtYmU5Ni1lMjNmLWVlODk2YzVmMWFkMS1zY2FsZWQuanBnIn0%3D\">\n\t\t\t\t\t\t\t<img fetchpriority=\"high\" width=\"683\" height=\"1024\" src=\"https:\/\/bureaudesheuresinvisibles.art\/wp-content\/uploads\/2025\/12\/7b6531a9-30da-be96-e23f-ee896c5f1ad1-683x1024.jpg\" class=\"attachment-large size-large wp-image-12003\" alt=\"\" decoding=\"async\" srcset=\"https:\/\/bureaudesheuresinvisibles.art\/wp-content\/uploads\/2025\/12\/7b6531a9-30da-be96-e23f-ee896c5f1ad1-683x1024.jpg 683w, https:\/\/bureaudesheuresinvisibles.art\/wp-content\/uploads\/2025\/12\/7b6531a9-30da-be96-e23f-ee896c5f1ad1-200x300.jpg 200w, https:\/\/bureaudesheuresinvisibles.art\/wp-content\/uploads\/2025\/12\/7b6531a9-30da-be96-e23f-ee896c5f1ad1-768x1152.jpg 768w, https:\/\/bureaudesheuresinvisibles.art\/wp-content\/uploads\/2025\/12\/7b6531a9-30da-be96-e23f-ee896c5f1ad1-1024x1536.jpg 1024w, https:\/\/bureaudesheuresinvisibles.art\/wp-content\/uploads\/2025\/12\/7b6531a9-30da-be96-e23f-ee896c5f1ad1-1365x2048.jpg 1365w, https:\/\/bureaudesheuresinvisibles.art\/wp-content\/uploads\/2025\/12\/7b6531a9-30da-be96-e23f-ee896c5f1ad1-8x12.jpg 8w, https:\/\/bureaudesheuresinvisibles.art\/wp-content\/uploads\/2025\/12\/7b6531a9-30da-be96-e23f-ee896c5f1ad1-scaled.jpg 1707w\" sizes=\"(max-width: 683px) 100vw, 683px\" \/>\t\t\t\t\t\t\t\t<\/a>\n\t\t\t\t\t\t\t\t\t\t\t\t\t\t\t<\/div>\n\t\t\t\t<div class=\"elementor-element elementor-element-a081001 elementor-widget elementor-widget-spacer\" data-id=\"a081001\" data-element_type=\"widget\" data-widget_type=\"spacer.default\">\n\t\t\t\t\t\t\t<div class=\"elementor-spacer\">\n\t\t\t<div class=\"elementor-spacer-inner\"><\/div>\n\t\t<\/div>\n\t\t\t\t\t\t<\/div>\n\t\t\t\t\t<\/div>\n\t\t<\/div>\n\t\t\t\t\t<\/div>\n\t\t<\/section>\n\t\t\t\t<\/div>","protected":false},"excerpt":{"rendered":"<p>Mercredi 14 et Samedi 17 janvier 2026 Le bureau des heures invisibles a le plaisir de vous inviter \u00e0 une s\u00e9rie d&rsquo;ateliers\/co-cr\u00e9ation d&rsquo;oeuvres autour de l&rsquo;exposition Lilit Letourneur, Projet Aquarium : De l\u2019eau et des gestes. \u00a0 Lilit Letourneur fait la rencontre de l&rsquo;Atelier La D\u00e9brouille, lors de son stage au bhi en 2024\/2025. De [&hellip;]<\/p>\n","protected":false},"author":1,"featured_media":0,"comment_status":"closed","ping_status":"open","sticky":false,"template":"","format":"standard","meta":{"footnotes":""},"categories":[84],"tags":[],"class_list":["post-12001","post","type-post","status-publish","format-standard","hentry","category-84"],"yoast_head":"<!-- This site is optimized with the Yoast SEO plugin v27.5 - https:\/\/yoast.com\/product\/yoast-seo-wordpress\/ -->\n<title>Mardi 4 novembre 2025 - bureau des heures invisibles<\/title>\n<meta name=\"robots\" content=\"index, follow, max-snippet:-1, max-image-preview:large, max-video-preview:-1\" \/>\n<link rel=\"canonical\" href=\"https:\/\/bureaudesheuresinvisibles.art\/en\/mardi-4-novembre-2025\/\" \/>\n<meta property=\"og:locale\" content=\"en_US\" \/>\n<meta property=\"og:type\" content=\"article\" \/>\n<meta property=\"og:title\" content=\"Mardi 4 novembre 2025 - bureau des heures invisibles\" \/>\n<meta property=\"og:description\" content=\"Mercredi 14 et Samedi 17 janvier 2026 Le bureau des heures invisibles a le plaisir de vous inviter \u00e0 une s\u00e9rie d&rsquo;ateliers\/co-cr\u00e9ation d&rsquo;oeuvres autour de l&rsquo;exposition Lilit Letourneur, Projet Aquarium : De l\u2019eau et des gestes. \u00a0 Lilit Letourneur fait la rencontre de l&rsquo;Atelier La D\u00e9brouille, lors de son stage au bhi en 2024\/2025. De [&hellip;]\" \/>\n<meta property=\"og:url\" content=\"https:\/\/bureaudesheuresinvisibles.art\/en\/mardi-4-novembre-2025\/\" \/>\n<meta property=\"og:site_name\" content=\"bureau des heures invisibles\" \/>\n<meta property=\"article:published_time\" content=\"2025-12-12T21:35:32+00:00\" \/>\n<meta property=\"article:modified_time\" content=\"2025-12-12T21:44:58+00:00\" \/>\n<meta property=\"og:image\" content=\"https:\/\/bureaudesheuresinvisibles.art\/wp-content\/uploads\/2025\/12\/7b6531a9-30da-be96-e23f-ee896c5f1ad1-scaled.jpg\" \/>\n\t<meta property=\"og:image:width\" content=\"1707\" \/>\n\t<meta property=\"og:image:height\" content=\"2560\" \/>\n\t<meta property=\"og:image:type\" content=\"image\/jpeg\" \/>\n<meta name=\"author\" content=\"bhi789632415\" \/>\n<meta name=\"twitter:card\" content=\"summary_large_image\" \/>\n<meta name=\"twitter:label1\" content=\"Written by\" \/>\n\t<meta name=\"twitter:data1\" content=\"bhi789632415\" \/>\n\t<meta name=\"twitter:label2\" content=\"Est. reading time\" \/>\n\t<meta name=\"twitter:data2\" content=\"2 minutes\" \/>\n<script type=\"application\/ld+json\" class=\"yoast-schema-graph\">{\"@context\":\"https:\\\/\\\/schema.org\",\"@graph\":[{\"@type\":\"Article\",\"@id\":\"https:\\\/\\\/bureaudesheuresinvisibles.art\\\/mardi-4-novembre-2025#article\",\"isPartOf\":{\"@id\":\"https:\\\/\\\/bureaudesheuresinvisibles.art\\\/mardi-4-novembre-2025\"},\"author\":{\"name\":\"bhi789632415\",\"@id\":\"https:\\\/\\\/bureaudesheuresinvisibles.art\\\/#\\\/schema\\\/person\\\/47d4ffba3b9215041cda77dc3b21bf4e\"},\"headline\":\"Mardi 4 novembre 2025\",\"datePublished\":\"2025-12-12T21:35:32+00:00\",\"dateModified\":\"2025-12-12T21:44:58+00:00\",\"mainEntityOfPage\":{\"@id\":\"https:\\\/\\\/bureaudesheuresinvisibles.art\\\/mardi-4-novembre-2025\"},\"wordCount\":475,\"publisher\":{\"@id\":\"https:\\\/\\\/bureaudesheuresinvisibles.art\\\/#organization\"},\"image\":{\"@id\":\"https:\\\/\\\/bureaudesheuresinvisibles.art\\\/mardi-4-novembre-2025#primaryimage\"},\"thumbnailUrl\":\"https:\\\/\\\/bureaudesheuresinvisibles.art\\\/wp-content\\\/uploads\\\/2025\\\/12\\\/7b6531a9-30da-be96-e23f-ee896c5f1ad1-683x1024.jpg\",\"articleSection\":[\"2025\"],\"inLanguage\":\"en-US\"},{\"@type\":\"WebPage\",\"@id\":\"https:\\\/\\\/bureaudesheuresinvisibles.art\\\/mardi-4-novembre-2025\",\"url\":\"https:\\\/\\\/bureaudesheuresinvisibles.art\\\/mardi-4-novembre-2025\",\"name\":\"Mardi 4 novembre 2025 - bureau des heures invisibles\",\"isPartOf\":{\"@id\":\"https:\\\/\\\/bureaudesheuresinvisibles.art\\\/#website\"},\"primaryImageOfPage\":{\"@id\":\"https:\\\/\\\/bureaudesheuresinvisibles.art\\\/mardi-4-novembre-2025#primaryimage\"},\"image\":{\"@id\":\"https:\\\/\\\/bureaudesheuresinvisibles.art\\\/mardi-4-novembre-2025#primaryimage\"},\"thumbnailUrl\":\"https:\\\/\\\/bureaudesheuresinvisibles.art\\\/wp-content\\\/uploads\\\/2025\\\/12\\\/7b6531a9-30da-be96-e23f-ee896c5f1ad1-683x1024.jpg\",\"datePublished\":\"2025-12-12T21:35:32+00:00\",\"dateModified\":\"2025-12-12T21:44:58+00:00\",\"breadcrumb\":{\"@id\":\"https:\\\/\\\/bureaudesheuresinvisibles.art\\\/mardi-4-novembre-2025#breadcrumb\"},\"inLanguage\":\"en-US\",\"potentialAction\":[{\"@type\":\"ReadAction\",\"target\":[\"https:\\\/\\\/bureaudesheuresinvisibles.art\\\/mardi-4-novembre-2025\"]}]},{\"@type\":\"ImageObject\",\"inLanguage\":\"en-US\",\"@id\":\"https:\\\/\\\/bureaudesheuresinvisibles.art\\\/mardi-4-novembre-2025#primaryimage\",\"url\":\"https:\\\/\\\/bureaudesheuresinvisibles.art\\\/wp-content\\\/uploads\\\/2025\\\/12\\\/7b6531a9-30da-be96-e23f-ee896c5f1ad1-683x1024.jpg\",\"contentUrl\":\"https:\\\/\\\/bureaudesheuresinvisibles.art\\\/wp-content\\\/uploads\\\/2025\\\/12\\\/7b6531a9-30da-be96-e23f-ee896c5f1ad1-683x1024.jpg\"},{\"@type\":\"BreadcrumbList\",\"@id\":\"https:\\\/\\\/bureaudesheuresinvisibles.art\\\/mardi-4-novembre-2025#breadcrumb\",\"itemListElement\":[{\"@type\":\"ListItem\",\"position\":1,\"name\":\"Accueil\",\"item\":\"https:\\\/\\\/bureaudesheuresinvisibles.art\\\/\"},{\"@type\":\"ListItem\",\"position\":2,\"name\":\"Mardi 4 novembre 2025\"}]},{\"@type\":\"WebSite\",\"@id\":\"https:\\\/\\\/bureaudesheuresinvisibles.art\\\/#website\",\"url\":\"https:\\\/\\\/bureaudesheuresinvisibles.art\\\/\",\"name\":\"bureau des heures invisibles\",\"description\":\"\",\"publisher\":{\"@id\":\"https:\\\/\\\/bureaudesheuresinvisibles.art\\\/#organization\"},\"potentialAction\":[{\"@type\":\"SearchAction\",\"target\":{\"@type\":\"EntryPoint\",\"urlTemplate\":\"https:\\\/\\\/bureaudesheuresinvisibles.art\\\/?s={search_term_string}\"},\"query-input\":{\"@type\":\"PropertyValueSpecification\",\"valueRequired\":true,\"valueName\":\"search_term_string\"}}],\"inLanguage\":\"en-US\"},{\"@type\":\"Organization\",\"@id\":\"https:\\\/\\\/bureaudesheuresinvisibles.art\\\/#organization\",\"name\":\"bureau des heures invisibles\",\"url\":\"https:\\\/\\\/bureaudesheuresinvisibles.art\\\/\",\"logo\":{\"@type\":\"ImageObject\",\"inLanguage\":\"en-US\",\"@id\":\"https:\\\/\\\/bureaudesheuresinvisibles.art\\\/#\\\/schema\\\/logo\\\/image\\\/\",\"url\":\"https:\\\/\\\/bureaudesheuresinvisibles.art\\\/wp-content\\\/uploads\\\/2022\\\/07\\\/logobhi_Plan-de-travail-1.png\",\"contentUrl\":\"https:\\\/\\\/bureaudesheuresinvisibles.art\\\/wp-content\\\/uploads\\\/2022\\\/07\\\/logobhi_Plan-de-travail-1.png\",\"width\":1549,\"height\":509,\"caption\":\"bureau des heures invisibles\"},\"image\":{\"@id\":\"https:\\\/\\\/bureaudesheuresinvisibles.art\\\/#\\\/schema\\\/logo\\\/image\\\/\"},\"sameAs\":[\"https:\\\/\\\/www.instagram.com\\\/bureaudesheuresinvisibles\\\/\"]},{\"@type\":\"Person\",\"@id\":\"https:\\\/\\\/bureaudesheuresinvisibles.art\\\/#\\\/schema\\\/person\\\/47d4ffba3b9215041cda77dc3b21bf4e\",\"name\":\"bhi789632415\",\"image\":{\"@type\":\"ImageObject\",\"inLanguage\":\"en-US\",\"@id\":\"https:\\\/\\\/secure.gravatar.com\\\/avatar\\\/71dee3c96e6d7fffbaf42a74451ab63007d7a6399cb2055f7147cb2753ce5fb6?s=96&d=mm&r=g\",\"url\":\"https:\\\/\\\/secure.gravatar.com\\\/avatar\\\/71dee3c96e6d7fffbaf42a74451ab63007d7a6399cb2055f7147cb2753ce5fb6?s=96&d=mm&r=g\",\"contentUrl\":\"https:\\\/\\\/secure.gravatar.com\\\/avatar\\\/71dee3c96e6d7fffbaf42a74451ab63007d7a6399cb2055f7147cb2753ce5fb6?s=96&d=mm&r=g\",\"caption\":\"bhi789632415\"},\"sameAs\":[\"http:\\\/\\\/bureaudesheuresinvisibles.art\"],\"url\":\"https:\\\/\\\/bureaudesheuresinvisibles.art\\\/en\\\/author\\\/bhi789632415\"}]}<\/script>\n<!-- \/ Yoast SEO plugin. -->","yoast_head_json":{"title":"Mardi 4 novembre 2025 - bureau des heures invisibles","robots":{"index":"index","follow":"follow","max-snippet":"max-snippet:-1","max-image-preview":"max-image-preview:large","max-video-preview":"max-video-preview:-1"},"canonical":"https:\/\/bureaudesheuresinvisibles.art\/en\/mardi-4-novembre-2025\/","og_locale":"en_US","og_type":"article","og_title":"Mardi 4 novembre 2025 - bureau des heures invisibles","og_description":"Mercredi 14 et Samedi 17 janvier 2026 Le bureau des heures invisibles a le plaisir de vous inviter \u00e0 une s\u00e9rie d&rsquo;ateliers\/co-cr\u00e9ation d&rsquo;oeuvres autour de l&rsquo;exposition Lilit Letourneur, Projet Aquarium : De l\u2019eau et des gestes. \u00a0 Lilit Letourneur fait la rencontre de l&rsquo;Atelier La D\u00e9brouille, lors de son stage au bhi en 2024\/2025. De [&hellip;]","og_url":"https:\/\/bureaudesheuresinvisibles.art\/en\/mardi-4-novembre-2025\/","og_site_name":"bureau des heures invisibles","article_published_time":"2025-12-12T21:35:32+00:00","article_modified_time":"2025-12-12T21:44:58+00:00","og_image":[{"width":1707,"height":2560,"url":"https:\/\/bureaudesheuresinvisibles.art\/wp-content\/uploads\/2025\/12\/7b6531a9-30da-be96-e23f-ee896c5f1ad1-scaled.jpg","type":"image\/jpeg"}],"author":"bhi789632415","twitter_card":"summary_large_image","twitter_misc":{"Written by":"bhi789632415","Est. reading time":"2 minutes"},"schema":{"@context":"https:\/\/schema.org","@graph":[{"@type":"Article","@id":"https:\/\/bureaudesheuresinvisibles.art\/mardi-4-novembre-2025#article","isPartOf":{"@id":"https:\/\/bureaudesheuresinvisibles.art\/mardi-4-novembre-2025"},"author":{"name":"bhi789632415","@id":"https:\/\/bureaudesheuresinvisibles.art\/#\/schema\/person\/47d4ffba3b9215041cda77dc3b21bf4e"},"headline":"Mardi 4 novembre 2025","datePublished":"2025-12-12T21:35:32+00:00","dateModified":"2025-12-12T21:44:58+00:00","mainEntityOfPage":{"@id":"https:\/\/bureaudesheuresinvisibles.art\/mardi-4-novembre-2025"},"wordCount":475,"publisher":{"@id":"https:\/\/bureaudesheuresinvisibles.art\/#organization"},"image":{"@id":"https:\/\/bureaudesheuresinvisibles.art\/mardi-4-novembre-2025#primaryimage"},"thumbnailUrl":"https:\/\/bureaudesheuresinvisibles.art\/wp-content\/uploads\/2025\/12\/7b6531a9-30da-be96-e23f-ee896c5f1ad1-683x1024.jpg","articleSection":["2025"],"inLanguage":"en-US"},{"@type":"WebPage","@id":"https:\/\/bureaudesheuresinvisibles.art\/mardi-4-novembre-2025","url":"https:\/\/bureaudesheuresinvisibles.art\/mardi-4-novembre-2025","name":"Mardi 4 novembre 2025 - bureau des heures invisibles","isPartOf":{"@id":"https:\/\/bureaudesheuresinvisibles.art\/#website"},"primaryImageOfPage":{"@id":"https:\/\/bureaudesheuresinvisibles.art\/mardi-4-novembre-2025#primaryimage"},"image":{"@id":"https:\/\/bureaudesheuresinvisibles.art\/mardi-4-novembre-2025#primaryimage"},"thumbnailUrl":"https:\/\/bureaudesheuresinvisibles.art\/wp-content\/uploads\/2025\/12\/7b6531a9-30da-be96-e23f-ee896c5f1ad1-683x1024.jpg","datePublished":"2025-12-12T21:35:32+00:00","dateModified":"2025-12-12T21:44:58+00:00","breadcrumb":{"@id":"https:\/\/bureaudesheuresinvisibles.art\/mardi-4-novembre-2025#breadcrumb"},"inLanguage":"en-US","potentialAction":[{"@type":"ReadAction","target":["https:\/\/bureaudesheuresinvisibles.art\/mardi-4-novembre-2025"]}]},{"@type":"ImageObject","inLanguage":"en-US","@id":"https:\/\/bureaudesheuresinvisibles.art\/mardi-4-novembre-2025#primaryimage","url":"https:\/\/bureaudesheuresinvisibles.art\/wp-content\/uploads\/2025\/12\/7b6531a9-30da-be96-e23f-ee896c5f1ad1-683x1024.jpg","contentUrl":"https:\/\/bureaudesheuresinvisibles.art\/wp-content\/uploads\/2025\/12\/7b6531a9-30da-be96-e23f-ee896c5f1ad1-683x1024.jpg"},{"@type":"BreadcrumbList","@id":"https:\/\/bureaudesheuresinvisibles.art\/mardi-4-novembre-2025#breadcrumb","itemListElement":[{"@type":"ListItem","position":1,"name":"Accueil","item":"https:\/\/bureaudesheuresinvisibles.art\/"},{"@type":"ListItem","position":2,"name":"Mardi 4 novembre 2025"}]},{"@type":"WebSite","@id":"https:\/\/bureaudesheuresinvisibles.art\/#website","url":"https:\/\/bureaudesheuresinvisibles.art\/","name":"bureau des heures invisibles","description":"","publisher":{"@id":"https:\/\/bureaudesheuresinvisibles.art\/#organization"},"potentialAction":[{"@type":"SearchAction","target":{"@type":"EntryPoint","urlTemplate":"https:\/\/bureaudesheuresinvisibles.art\/?s={search_term_string}"},"query-input":{"@type":"PropertyValueSpecification","valueRequired":true,"valueName":"search_term_string"}}],"inLanguage":"en-US"},{"@type":"Organization","@id":"https:\/\/bureaudesheuresinvisibles.art\/#organization","name":"bureau des heures invisibles","url":"https:\/\/bureaudesheuresinvisibles.art\/","logo":{"@type":"ImageObject","inLanguage":"en-US","@id":"https:\/\/bureaudesheuresinvisibles.art\/#\/schema\/logo\/image\/","url":"https:\/\/bureaudesheuresinvisibles.art\/wp-content\/uploads\/2022\/07\/logobhi_Plan-de-travail-1.png","contentUrl":"https:\/\/bureaudesheuresinvisibles.art\/wp-content\/uploads\/2022\/07\/logobhi_Plan-de-travail-1.png","width":1549,"height":509,"caption":"bureau des heures invisibles"},"image":{"@id":"https:\/\/bureaudesheuresinvisibles.art\/#\/schema\/logo\/image\/"},"sameAs":["https:\/\/www.instagram.com\/bureaudesheuresinvisibles\/"]},{"@type":"Person","@id":"https:\/\/bureaudesheuresinvisibles.art\/#\/schema\/person\/47d4ffba3b9215041cda77dc3b21bf4e","name":"bhi789632415","image":{"@type":"ImageObject","inLanguage":"en-US","@id":"https:\/\/secure.gravatar.com\/avatar\/71dee3c96e6d7fffbaf42a74451ab63007d7a6399cb2055f7147cb2753ce5fb6?s=96&d=mm&r=g","url":"https:\/\/secure.gravatar.com\/avatar\/71dee3c96e6d7fffbaf42a74451ab63007d7a6399cb2055f7147cb2753ce5fb6?s=96&d=mm&r=g","contentUrl":"https:\/\/secure.gravatar.com\/avatar\/71dee3c96e6d7fffbaf42a74451ab63007d7a6399cb2055f7147cb2753ce5fb6?s=96&d=mm&r=g","caption":"bhi789632415"},"sameAs":["http:\/\/bureaudesheuresinvisibles.art"],"url":"https:\/\/bureaudesheuresinvisibles.art\/en\/author\/bhi789632415"}]}},"jetpack_featured_media_url":"","_links":{"self":[{"href":"https:\/\/bureaudesheuresinvisibles.art\/en\/wp-json\/wp\/v2\/posts\/12001","targetHints":{"allow":["GET"]}}],"collection":[{"href":"https:\/\/bureaudesheuresinvisibles.art\/en\/wp-json\/wp\/v2\/posts"}],"about":[{"href":"https:\/\/bureaudesheuresinvisibles.art\/en\/wp-json\/wp\/v2\/types\/post"}],"author":[{"embeddable":true,"href":"https:\/\/bureaudesheuresinvisibles.art\/en\/wp-json\/wp\/v2\/users\/1"}],"replies":[{"embeddable":true,"href":"https:\/\/bureaudesheuresinvisibles.art\/en\/wp-json\/wp\/v2\/comments?post=12001"}],"version-history":[{"count":10,"href":"https:\/\/bureaudesheuresinvisibles.art\/en\/wp-json\/wp\/v2\/posts\/12001\/revisions"}],"predecessor-version":[{"id":12013,"href":"https:\/\/bureaudesheuresinvisibles.art\/en\/wp-json\/wp\/v2\/posts\/12001\/revisions\/12013"}],"wp:attachment":[{"href":"https:\/\/bureaudesheuresinvisibles.art\/en\/wp-json\/wp\/v2\/media?parent=12001"}],"wp:term":[{"taxonomy":"category","embeddable":true,"href":"https:\/\/bureaudesheuresinvisibles.art\/en\/wp-json\/wp\/v2\/categories?post=12001"},{"taxonomy":"post_tag","embeddable":true,"href":"https:\/\/bureaudesheuresinvisibles.art\/en\/wp-json\/wp\/v2\/tags?post=12001"}],"curies":[{"name":"wp","href":"https:\/\/api.w.org\/{rel}","templated":true}]}}