{"id":8388,"date":"2022-05-28T11:38:11","date_gmt":"2022-05-28T11:38:11","guid":{"rendered":"https:\/\/bureaudesheuresinvisibles.art\/?p=8388"},"modified":"2024-12-11T14:43:37","modified_gmt":"2024-12-11T14:43:37","slug":"samedi-28-mai-2022","status":"publish","type":"post","link":"https:\/\/bureaudesheuresinvisibles.art\/en\/samedi-28-mai-2022","title":{"rendered":"Samedi 28 Mai 2022"},"content":{"rendered":"<div data-elementor-type=\"wp-post\" data-elementor-id=\"8388\" class=\"elementor elementor-8388\" data-elementor-post-type=\"post\">\n\t\t\t\t\t\t<section class=\"elementor-section elementor-top-section elementor-element elementor-element-b62cf0d elementor-section-boxed elementor-section-height-default elementor-section-height-default\" data-id=\"b62cf0d\" data-element_type=\"section\">\n\t\t\t\t\t\t<div class=\"elementor-container elementor-column-gap-default\">\n\t\t\t\t\t<div class=\"elementor-column elementor-col-100 elementor-top-column elementor-element elementor-element-6de83c0\" data-id=\"6de83c0\" data-element_type=\"column\" id=\"toggle\">\n\t\t\t<div class=\"elementor-widget-wrap elementor-element-populated\">\n\t\t\t\t\t\t<div class=\"elementor-element elementor-element-63fb851e elementor-widget elementor-widget-heading\" data-id=\"63fb851e\" data-element_type=\"widget\" data-widget_type=\"heading.default\">\n\t\t\t\t\t<h6 class=\"elementor-heading-title elementor-size-default\">Samedi 28 Mai 2022<\/h6>\t\t\t\t<\/div>\n\t\t\t\t<div class=\"elementor-element elementor-element-2fb23680 elementor-widget elementor-widget-text-editor\" data-id=\"2fb23680\" data-element_type=\"widget\" id=\"link\" data-widget_type=\"text-editor.default\">\n\t\t\t\t\t\t\t\t\t<p>\u00c0 l\u2019occasion de la f\u00eate des langues d\u2019Aubervilliers, l\u2019Ensemble plurilingue tire la m\u00e9taphore du chant des oiseaux comme mani\u00e8re d&rsquo;appr\u00e9hender les mondes et les \u00e9motions qui nous habitent.<\/p>\t\t\t\t\t\t\t\t<\/div>\n\t\t\t\t<div class=\"elementor-element elementor-element-44da5109 elementor-widget elementor-widget-bdt-toggle\" data-id=\"44da5109\" data-element_type=\"widget\" id=\"toggle\" data-widget_type=\"bdt-toggle.default\">\n\t\t\t\t<div class=\"elementor-widget-container\">\n\t\t\t\t\t\r\n        <div class=\"bdt-show-hide-container\">\r\n            <div id=\"bdt-show-hide-44da5109\" class=\"bdt-show-hide\" data-settings=\"{&quot;id&quot;:&quot;44da5109&quot;,&quot;scrollspy_top_offset&quot;:70,&quot;scrollspy_time&quot;:1000,&quot;toggle_initially_open&quot;:&quot; &quot;,&quot;by_widget_selector_status&quot;:&quot;no&quot;,&quot;viewport_lg&quot;:1023,&quot;viewport_md&quot;:767}\">\r\n                <div class=\"bdt-show-hide-item\">\r\n                    <div class=\"bdt-show-hide-content\">\r\n                        <p dir=\"ltr\">Inspir\u00e9e par la pens\u00e9e de la philosophe Vinciane Despret sur ce que c\u2019est d\u2019habiter, par le chant, un espace, et en faire ainsi un territoire, l\u2019artiste <span style=\"text-decoration: underline;\">Am\u00e9lie Mourgue d\u2019Algue<\/span> r\u00e9unit un nombre d\u2019intervenants investissant Aubervilliers : artistes, com\u00e9diens, chanteurs, musiciens et associations locales, pour une composition collective et participative.\u00a0<\/p><p dir=\"ltr\"><br \/>C\u00e9l\u00e9brant toutes les langues d\u2019Aubervilliers, les chants se d\u00e9voilent en persan, kabyle, dialecte libanais, italien, espagnol chilien et cr\u00e9ole capverdien. La pi\u00e8ce\u00a0<em>\u00c0 la Volette<\/em>, une ritournelle du 17e si\u00e8cle fran\u00e7ais sert de\u00a0point de d\u00e9part \u00e0 la construction de la pi\u00e8ce, augment\u00e9e par des chants et textes choisis par les co-auteur.e.s, li\u00e9s \u00e0 leurs propre cultures: chants et \u00e9crits, trouv\u00e9s, traduits ou transform\u00e9s.\u00a0<\/p><p dir=\"ltr\"><br \/>Ensemble, les participants chantent et c\u00e9l\u00e8brent la langue, la diversit\u00e9 et leur lien \u00e0 un territoire en mouvement.<\/p><p dir=\"ltr\"><br \/>Organis\u00e9 par le bureau des heures invisibles en partenariat avec la Maison des Langues et des Cultures d&rsquo;Aubervilliers.\u00a0Un nouveau livret est publi\u00e9 \u00e0 cette occasion.\u00a0<\/p><p dir=\"ltr\">\u00a0<\/p><p dir=\"ltr\">Remerciements : Isabel Borges-Voltine, Ana Furtado-Monteiro et l\u2019Association Passarinha; Association franco-kabyle Adrar d\u2019Aubervilliers ; Association Asiemut; Association TAC Teatro; Faustine Rousselet et Claude Grud\u00e9 et l\u2019Association Sequenza 9.3; Sabrina Ouis, Kamel Dafri et toute l\u2019\u00e9quipe de Villes des Musiques du Monde; Adria Benatmane, Laurence Benmoussa et tous les membres de l\u2019association Atelier La D\u00e9brouille; George Ghika, Carlos Semedo et toute l\u2019\u00e9quipe de la Maison des Langues et des Cultures d\u2019Aubervilliers; Laure Koruble, Fanny Millet, Martial Byl et toute l\u2019\u00e9quipe Vie Associative de la Mairie d\u2019Aubervilliers.<\/p><p dir=\"ltr\"><br \/>L\u2019Ensemble plurilingue\u00a0a \u00e9t\u00e9 initi\u00e9 en 2021 pour la performance d\u2019une \u0153uvre collective dont Am\u00e9lie Mourgue d\u2019Algue est l\u2019initiatrice en 2015 autour d\u2019un texte de Hannah Arendt sur la pluralit\u00e9 des langues, traduit depuis dans plus d\u2019une vingtaine de langues. L\u2019Ensemble s\u2019est produit \u00e0 l\u2019Unesco lors de la Nuit de la Philosophie 2021 ainsi qu\u2019\u00e0 l\u2019Institut Culturel du Mexique.\u00a0<\/p><p dir=\"ltr\">\u00a0<\/p><p dir=\"ltr\"><em style=\"font-weight: 400;\">Habiter en Oiseau (d&rsquo;apr\u00e8s Vinciane Despret)<\/em><br style=\"font-weight: 400;\" \/>Samedi 28 Mai\u00a0\u00e0 17h30<br style=\"font-weight: 400;\" \/>Le Point Fort d\u2019Aubervilliers<br \/>174 avenue Jean Jaur\u00e8s, Aubervilliers.\u00a0Entr\u00e9e libre.<\/p><p dir=\"ltr\"><br style=\"font-weight: 400;\" \/><span style=\"font-weight: 400;\">Une performance chant\u00e9e avec :\u00a0<\/span>Ornella Bonventre, Jawid Ghani, Julieta Hanono, Ralph Mahfoud, Am\u00e9lie Mourgue d\u2019Algue, Nadia Sa\u00eft, Mireille Rivat,\u00a0\u00a0Sunnyboy, et Sarina Basta,\u00a0pour la f\u00eate des langues d&rsquo;Aubervilliers.<\/p><p dir=\"ltr\">\u00a0<\/p>                    <\/div>\r\n\r\n                    <a class=\"bdt-show-hide-title\" href='javascript:void(0)'>\r\n                        <!--  -->\r\n                                                <!--  -->\r\n                        <span class=\"bdt-toggle-open\">\r\n                            en savoir plus                        <\/span>\r\n                        <span class=\"bdt-toggle-close\">\r\n                            fermer                        <\/span>\r\n                        \r\n                    <\/a>\r\n                <\/div>\r\n            <\/div>\r\n        <\/div>\r\n\r\n\t\t\t\t<\/div>\n\t\t\t\t<\/div>\n\t\t\t\t<div class=\"elementor-element elementor-element-26b7a25a elementor-widget elementor-widget-image\" data-id=\"26b7a25a\" data-element_type=\"widget\" data-widget_type=\"image.default\">\n\t\t\t\t\t\t\t\t\t\t\t\t\t\t\t\t<a href=\"https:\/\/bureaudesheuresinvisibles.art\/wp-content\/uploads\/2022\/11\/Habiter-en-oiseau_Collage_Flyer_cropped-scaled.jpg\" data-elementor-open-lightbox=\"yes\" data-e-action-hash=\"#elementor-action%3Aaction%3Dlightbox%26settings%3DeyJpZCI6ODM5NCwidXJsIjoiaHR0cHM6XC9cL2J1cmVhdWRlc2hldXJlc2ludmlzaWJsZXMuYXJ0XC93cC1jb250ZW50XC91cGxvYWRzXC8yMDIyXC8xMVwvSGFiaXRlci1lbi1vaXNlYXVfQ29sbGFnZV9GbHllcl9jcm9wcGVkLXNjYWxlZC53ZWJwIn0%3D\">\n\t\t\t\t\t\t\t<img fetchpriority=\"high\" width=\"800\" height=\"594\" src=\"https:\/\/bureaudesheuresinvisibles.art\/wp-content\/uploads\/2022\/11\/Habiter-en-oiseau_Collage_Flyer_cropped-1024x760.webp\" class=\"attachment-large size-large wp-image-8394\" alt=\"\" decoding=\"async\" srcset=\"https:\/\/bureaudesheuresinvisibles.art\/wp-content\/uploads\/2022\/11\/Habiter-en-oiseau_Collage_Flyer_cropped-1024x760.webp 1024w, https:\/\/bureaudesheuresinvisibles.art\/wp-content\/uploads\/2022\/11\/Habiter-en-oiseau_Collage_Flyer_cropped-300x223.webp 300w, https:\/\/bureaudesheuresinvisibles.art\/wp-content\/uploads\/2022\/11\/Habiter-en-oiseau_Collage_Flyer_cropped-768x570.webp 768w, https:\/\/bureaudesheuresinvisibles.art\/wp-content\/uploads\/2022\/11\/Habiter-en-oiseau_Collage_Flyer_cropped-1536x1140.webp 1536w, https:\/\/bureaudesheuresinvisibles.art\/wp-content\/uploads\/2022\/11\/Habiter-en-oiseau_Collage_Flyer_cropped-scaled.webp 1920w, https:\/\/bureaudesheuresinvisibles.art\/wp-content\/uploads\/2022\/11\/Habiter-en-oiseau_Collage_Flyer_cropped-16x12.webp 16w\" sizes=\"(max-width: 800px) 100vw, 800px\" \/>\t\t\t\t\t\t\t\t<\/a>\n\t\t\t\t\t\t\t\t\t\t\t\t\t\t\t<\/div>\n\t\t\t\t<div class=\"elementor-element elementor-element-3378f7bf elementor-widget elementor-widget-spacer\" data-id=\"3378f7bf\" data-element_type=\"widget\" data-widget_type=\"spacer.default\">\n\t\t\t\t\t\t\t<div class=\"elementor-spacer\">\n\t\t\t<div class=\"elementor-spacer-inner\"><\/div>\n\t\t<\/div>\n\t\t\t\t\t\t<\/div>\n\t\t\t\t\t<\/div>\n\t\t<\/div>\n\t\t\t\t\t<\/div>\n\t\t<\/section>\n\t\t\t\t<\/div>","protected":false},"excerpt":{"rendered":"<p>Samedi 28 Mai 2022 \u00c0 l\u2019occasion de la f\u00eate des langues d\u2019Aubervilliers, l\u2019Ensemble plurilingue tire la m\u00e9taphore du chant des oiseaux comme mani\u00e8re d&rsquo;appr\u00e9hender les mondes et les \u00e9motions qui nous habitent. Inspir\u00e9e par la pens\u00e9e de la philosophe Vinciane Despret sur ce que c\u2019est d\u2019habiter, par le chant, un espace, et en faire ainsi [&hellip;]<\/p>\n","protected":false},"author":1,"featured_media":0,"comment_status":"open","ping_status":"open","sticky":false,"template":"","format":"standard","meta":{"footnotes":""},"categories":[1],"tags":[],"class_list":["post-8388","post","type-post","status-publish","format-standard","hentry","category-1"],"yoast_head":"<!-- This site is optimized with the Yoast SEO plugin v27.5 - https:\/\/yoast.com\/product\/yoast-seo-wordpress\/ -->\n<title>Samedi 28 Mai 2022 - bureau des heures invisibles<\/title>\n<meta name=\"robots\" content=\"index, follow, max-snippet:-1, max-image-preview:large, max-video-preview:-1\" \/>\n<link rel=\"canonical\" href=\"https:\/\/bureaudesheuresinvisibles.art\/en\/samedi-28-mai-2022\/\" \/>\n<meta property=\"og:locale\" content=\"en_US\" \/>\n<meta property=\"og:type\" content=\"article\" \/>\n<meta property=\"og:title\" content=\"Samedi 28 Mai 2022 - bureau des heures invisibles\" \/>\n<meta property=\"og:description\" content=\"Samedi 28 Mai 2022 \u00c0 l\u2019occasion de la f\u00eate des langues d\u2019Aubervilliers, l\u2019Ensemble plurilingue tire la m\u00e9taphore du chant des oiseaux comme mani\u00e8re d&rsquo;appr\u00e9hender les mondes et les \u00e9motions qui nous habitent. Inspir\u00e9e par la pens\u00e9e de la philosophe Vinciane Despret sur ce que c\u2019est d\u2019habiter, par le chant, un espace, et en faire ainsi [&hellip;]\" \/>\n<meta property=\"og:url\" content=\"https:\/\/bureaudesheuresinvisibles.art\/en\/samedi-28-mai-2022\/\" \/>\n<meta property=\"og:site_name\" content=\"bureau des heures invisibles\" \/>\n<meta property=\"article:published_time\" content=\"2022-05-28T11:38:11+00:00\" \/>\n<meta property=\"article:modified_time\" content=\"2024-12-11T14:43:37+00:00\" \/>\n<meta property=\"og:image\" content=\"https:\/\/bureaudesheuresinvisibles.art\/wp-content\/uploads\/2022\/11\/Habiter-en-oiseau_Collage_Flyer_cropped-1024x760.webp\" \/>\n<meta name=\"author\" content=\"bhi789632415\" \/>\n<meta name=\"twitter:card\" content=\"summary_large_image\" \/>\n<meta name=\"twitter:label1\" content=\"Written by\" \/>\n\t<meta name=\"twitter:data1\" content=\"bhi789632415\" \/>\n\t<meta name=\"twitter:label2\" content=\"Est. reading time\" \/>\n\t<meta name=\"twitter:data2\" content=\"3 minutes\" \/>\n<script type=\"application\/ld+json\" class=\"yoast-schema-graph\">{\"@context\":\"https:\\\/\\\/schema.org\",\"@graph\":[{\"@type\":\"Article\",\"@id\":\"https:\\\/\\\/bureaudesheuresinvisibles.art\\\/samedi-28-mai-2022#article\",\"isPartOf\":{\"@id\":\"https:\\\/\\\/bureaudesheuresinvisibles.art\\\/samedi-28-mai-2022\"},\"author\":{\"name\":\"bhi789632415\",\"@id\":\"https:\\\/\\\/bureaudesheuresinvisibles.art\\\/#\\\/schema\\\/person\\\/47d4ffba3b9215041cda77dc3b21bf4e\"},\"headline\":\"Samedi 28 Mai 2022\",\"datePublished\":\"2022-05-28T11:38:11+00:00\",\"dateModified\":\"2024-12-11T14:43:37+00:00\",\"mainEntityOfPage\":{\"@id\":\"https:\\\/\\\/bureaudesheuresinvisibles.art\\\/samedi-28-mai-2022\"},\"wordCount\":442,\"commentCount\":0,\"publisher\":{\"@id\":\"https:\\\/\\\/bureaudesheuresinvisibles.art\\\/#organization\"},\"image\":{\"@id\":\"https:\\\/\\\/bureaudesheuresinvisibles.art\\\/samedi-28-mai-2022#primaryimage\"},\"thumbnailUrl\":\"https:\\\/\\\/bureaudesheuresinvisibles.art\\\/wp-content\\\/uploads\\\/2022\\\/11\\\/Habiter-en-oiseau_Collage_Flyer_cropped-1024x760.webp\",\"articleSection\":[\"2022\"],\"inLanguage\":\"en-US\"},{\"@type\":\"WebPage\",\"@id\":\"https:\\\/\\\/bureaudesheuresinvisibles.art\\\/samedi-28-mai-2022\",\"url\":\"https:\\\/\\\/bureaudesheuresinvisibles.art\\\/samedi-28-mai-2022\",\"name\":\"Samedi 28 Mai 2022 - bureau des heures invisibles\",\"isPartOf\":{\"@id\":\"https:\\\/\\\/bureaudesheuresinvisibles.art\\\/#website\"},\"primaryImageOfPage\":{\"@id\":\"https:\\\/\\\/bureaudesheuresinvisibles.art\\\/samedi-28-mai-2022#primaryimage\"},\"image\":{\"@id\":\"https:\\\/\\\/bureaudesheuresinvisibles.art\\\/samedi-28-mai-2022#primaryimage\"},\"thumbnailUrl\":\"https:\\\/\\\/bureaudesheuresinvisibles.art\\\/wp-content\\\/uploads\\\/2022\\\/11\\\/Habiter-en-oiseau_Collage_Flyer_cropped-1024x760.webp\",\"datePublished\":\"2022-05-28T11:38:11+00:00\",\"dateModified\":\"2024-12-11T14:43:37+00:00\",\"breadcrumb\":{\"@id\":\"https:\\\/\\\/bureaudesheuresinvisibles.art\\\/samedi-28-mai-2022#breadcrumb\"},\"inLanguage\":\"en-US\",\"potentialAction\":[{\"@type\":\"ReadAction\",\"target\":[\"https:\\\/\\\/bureaudesheuresinvisibles.art\\\/samedi-28-mai-2022\"]}]},{\"@type\":\"ImageObject\",\"inLanguage\":\"en-US\",\"@id\":\"https:\\\/\\\/bureaudesheuresinvisibles.art\\\/samedi-28-mai-2022#primaryimage\",\"url\":\"https:\\\/\\\/bureaudesheuresinvisibles.art\\\/wp-content\\\/uploads\\\/2022\\\/11\\\/Habiter-en-oiseau_Collage_Flyer_cropped-1024x760.webp\",\"contentUrl\":\"https:\\\/\\\/bureaudesheuresinvisibles.art\\\/wp-content\\\/uploads\\\/2022\\\/11\\\/Habiter-en-oiseau_Collage_Flyer_cropped-1024x760.webp\"},{\"@type\":\"BreadcrumbList\",\"@id\":\"https:\\\/\\\/bureaudesheuresinvisibles.art\\\/samedi-28-mai-2022#breadcrumb\",\"itemListElement\":[{\"@type\":\"ListItem\",\"position\":1,\"name\":\"Accueil\",\"item\":\"https:\\\/\\\/bureaudesheuresinvisibles.art\\\/\"},{\"@type\":\"ListItem\",\"position\":2,\"name\":\"Samedi 28 Mai 2022\"}]},{\"@type\":\"WebSite\",\"@id\":\"https:\\\/\\\/bureaudesheuresinvisibles.art\\\/#website\",\"url\":\"https:\\\/\\\/bureaudesheuresinvisibles.art\\\/\",\"name\":\"bureau des heures invisibles\",\"description\":\"\",\"publisher\":{\"@id\":\"https:\\\/\\\/bureaudesheuresinvisibles.art\\\/#organization\"},\"potentialAction\":[{\"@type\":\"SearchAction\",\"target\":{\"@type\":\"EntryPoint\",\"urlTemplate\":\"https:\\\/\\\/bureaudesheuresinvisibles.art\\\/?s={search_term_string}\"},\"query-input\":{\"@type\":\"PropertyValueSpecification\",\"valueRequired\":true,\"valueName\":\"search_term_string\"}}],\"inLanguage\":\"en-US\"},{\"@type\":\"Organization\",\"@id\":\"https:\\\/\\\/bureaudesheuresinvisibles.art\\\/#organization\",\"name\":\"bureau des heures invisibles\",\"url\":\"https:\\\/\\\/bureaudesheuresinvisibles.art\\\/\",\"logo\":{\"@type\":\"ImageObject\",\"inLanguage\":\"en-US\",\"@id\":\"https:\\\/\\\/bureaudesheuresinvisibles.art\\\/#\\\/schema\\\/logo\\\/image\\\/\",\"url\":\"https:\\\/\\\/bureaudesheuresinvisibles.art\\\/wp-content\\\/uploads\\\/2022\\\/07\\\/logobhi_Plan-de-travail-1.png\",\"contentUrl\":\"https:\\\/\\\/bureaudesheuresinvisibles.art\\\/wp-content\\\/uploads\\\/2022\\\/07\\\/logobhi_Plan-de-travail-1.png\",\"width\":1549,\"height\":509,\"caption\":\"bureau des heures invisibles\"},\"image\":{\"@id\":\"https:\\\/\\\/bureaudesheuresinvisibles.art\\\/#\\\/schema\\\/logo\\\/image\\\/\"},\"sameAs\":[\"https:\\\/\\\/www.instagram.com\\\/bureaudesheuresinvisibles\\\/\"]},{\"@type\":\"Person\",\"@id\":\"https:\\\/\\\/bureaudesheuresinvisibles.art\\\/#\\\/schema\\\/person\\\/47d4ffba3b9215041cda77dc3b21bf4e\",\"name\":\"bhi789632415\",\"image\":{\"@type\":\"ImageObject\",\"inLanguage\":\"en-US\",\"@id\":\"https:\\\/\\\/secure.gravatar.com\\\/avatar\\\/71dee3c96e6d7fffbaf42a74451ab63007d7a6399cb2055f7147cb2753ce5fb6?s=96&d=mm&r=g\",\"url\":\"https:\\\/\\\/secure.gravatar.com\\\/avatar\\\/71dee3c96e6d7fffbaf42a74451ab63007d7a6399cb2055f7147cb2753ce5fb6?s=96&d=mm&r=g\",\"contentUrl\":\"https:\\\/\\\/secure.gravatar.com\\\/avatar\\\/71dee3c96e6d7fffbaf42a74451ab63007d7a6399cb2055f7147cb2753ce5fb6?s=96&d=mm&r=g\",\"caption\":\"bhi789632415\"},\"sameAs\":[\"http:\\\/\\\/bureaudesheuresinvisibles.art\"],\"url\":\"https:\\\/\\\/bureaudesheuresinvisibles.art\\\/en\\\/author\\\/bhi789632415\"}]}<\/script>\n<!-- \/ Yoast SEO plugin. -->","yoast_head_json":{"title":"Samedi 28 Mai 2022 - bureau des heures invisibles","robots":{"index":"index","follow":"follow","max-snippet":"max-snippet:-1","max-image-preview":"max-image-preview:large","max-video-preview":"max-video-preview:-1"},"canonical":"https:\/\/bureaudesheuresinvisibles.art\/en\/samedi-28-mai-2022\/","og_locale":"en_US","og_type":"article","og_title":"Samedi 28 Mai 2022 - bureau des heures invisibles","og_description":"Samedi 28 Mai 2022 \u00c0 l\u2019occasion de la f\u00eate des langues d\u2019Aubervilliers, l\u2019Ensemble plurilingue tire la m\u00e9taphore du chant des oiseaux comme mani\u00e8re d&rsquo;appr\u00e9hender les mondes et les \u00e9motions qui nous habitent. Inspir\u00e9e par la pens\u00e9e de la philosophe Vinciane Despret sur ce que c\u2019est d\u2019habiter, par le chant, un espace, et en faire ainsi [&hellip;]","og_url":"https:\/\/bureaudesheuresinvisibles.art\/en\/samedi-28-mai-2022\/","og_site_name":"bureau des heures invisibles","article_published_time":"2022-05-28T11:38:11+00:00","article_modified_time":"2024-12-11T14:43:37+00:00","og_image":[{"url":"https:\/\/bureaudesheuresinvisibles.art\/wp-content\/uploads\/2022\/11\/Habiter-en-oiseau_Collage_Flyer_cropped-1024x760.webp","type":"","width":"","height":""}],"author":"bhi789632415","twitter_card":"summary_large_image","twitter_misc":{"Written by":"bhi789632415","Est. reading time":"3 minutes"},"schema":{"@context":"https:\/\/schema.org","@graph":[{"@type":"Article","@id":"https:\/\/bureaudesheuresinvisibles.art\/samedi-28-mai-2022#article","isPartOf":{"@id":"https:\/\/bureaudesheuresinvisibles.art\/samedi-28-mai-2022"},"author":{"name":"bhi789632415","@id":"https:\/\/bureaudesheuresinvisibles.art\/#\/schema\/person\/47d4ffba3b9215041cda77dc3b21bf4e"},"headline":"Samedi 28 Mai 2022","datePublished":"2022-05-28T11:38:11+00:00","dateModified":"2024-12-11T14:43:37+00:00","mainEntityOfPage":{"@id":"https:\/\/bureaudesheuresinvisibles.art\/samedi-28-mai-2022"},"wordCount":442,"commentCount":0,"publisher":{"@id":"https:\/\/bureaudesheuresinvisibles.art\/#organization"},"image":{"@id":"https:\/\/bureaudesheuresinvisibles.art\/samedi-28-mai-2022#primaryimage"},"thumbnailUrl":"https:\/\/bureaudesheuresinvisibles.art\/wp-content\/uploads\/2022\/11\/Habiter-en-oiseau_Collage_Flyer_cropped-1024x760.webp","articleSection":["2022"],"inLanguage":"en-US"},{"@type":"WebPage","@id":"https:\/\/bureaudesheuresinvisibles.art\/samedi-28-mai-2022","url":"https:\/\/bureaudesheuresinvisibles.art\/samedi-28-mai-2022","name":"Samedi 28 Mai 2022 - bureau des heures invisibles","isPartOf":{"@id":"https:\/\/bureaudesheuresinvisibles.art\/#website"},"primaryImageOfPage":{"@id":"https:\/\/bureaudesheuresinvisibles.art\/samedi-28-mai-2022#primaryimage"},"image":{"@id":"https:\/\/bureaudesheuresinvisibles.art\/samedi-28-mai-2022#primaryimage"},"thumbnailUrl":"https:\/\/bureaudesheuresinvisibles.art\/wp-content\/uploads\/2022\/11\/Habiter-en-oiseau_Collage_Flyer_cropped-1024x760.webp","datePublished":"2022-05-28T11:38:11+00:00","dateModified":"2024-12-11T14:43:37+00:00","breadcrumb":{"@id":"https:\/\/bureaudesheuresinvisibles.art\/samedi-28-mai-2022#breadcrumb"},"inLanguage":"en-US","potentialAction":[{"@type":"ReadAction","target":["https:\/\/bureaudesheuresinvisibles.art\/samedi-28-mai-2022"]}]},{"@type":"ImageObject","inLanguage":"en-US","@id":"https:\/\/bureaudesheuresinvisibles.art\/samedi-28-mai-2022#primaryimage","url":"https:\/\/bureaudesheuresinvisibles.art\/wp-content\/uploads\/2022\/11\/Habiter-en-oiseau_Collage_Flyer_cropped-1024x760.webp","contentUrl":"https:\/\/bureaudesheuresinvisibles.art\/wp-content\/uploads\/2022\/11\/Habiter-en-oiseau_Collage_Flyer_cropped-1024x760.webp"},{"@type":"BreadcrumbList","@id":"https:\/\/bureaudesheuresinvisibles.art\/samedi-28-mai-2022#breadcrumb","itemListElement":[{"@type":"ListItem","position":1,"name":"Accueil","item":"https:\/\/bureaudesheuresinvisibles.art\/"},{"@type":"ListItem","position":2,"name":"Samedi 28 Mai 2022"}]},{"@type":"WebSite","@id":"https:\/\/bureaudesheuresinvisibles.art\/#website","url":"https:\/\/bureaudesheuresinvisibles.art\/","name":"bureau des heures invisibles","description":"","publisher":{"@id":"https:\/\/bureaudesheuresinvisibles.art\/#organization"},"potentialAction":[{"@type":"SearchAction","target":{"@type":"EntryPoint","urlTemplate":"https:\/\/bureaudesheuresinvisibles.art\/?s={search_term_string}"},"query-input":{"@type":"PropertyValueSpecification","valueRequired":true,"valueName":"search_term_string"}}],"inLanguage":"en-US"},{"@type":"Organization","@id":"https:\/\/bureaudesheuresinvisibles.art\/#organization","name":"bureau des heures invisibles","url":"https:\/\/bureaudesheuresinvisibles.art\/","logo":{"@type":"ImageObject","inLanguage":"en-US","@id":"https:\/\/bureaudesheuresinvisibles.art\/#\/schema\/logo\/image\/","url":"https:\/\/bureaudesheuresinvisibles.art\/wp-content\/uploads\/2022\/07\/logobhi_Plan-de-travail-1.png","contentUrl":"https:\/\/bureaudesheuresinvisibles.art\/wp-content\/uploads\/2022\/07\/logobhi_Plan-de-travail-1.png","width":1549,"height":509,"caption":"bureau des heures invisibles"},"image":{"@id":"https:\/\/bureaudesheuresinvisibles.art\/#\/schema\/logo\/image\/"},"sameAs":["https:\/\/www.instagram.com\/bureaudesheuresinvisibles\/"]},{"@type":"Person","@id":"https:\/\/bureaudesheuresinvisibles.art\/#\/schema\/person\/47d4ffba3b9215041cda77dc3b21bf4e","name":"bhi789632415","image":{"@type":"ImageObject","inLanguage":"en-US","@id":"https:\/\/secure.gravatar.com\/avatar\/71dee3c96e6d7fffbaf42a74451ab63007d7a6399cb2055f7147cb2753ce5fb6?s=96&d=mm&r=g","url":"https:\/\/secure.gravatar.com\/avatar\/71dee3c96e6d7fffbaf42a74451ab63007d7a6399cb2055f7147cb2753ce5fb6?s=96&d=mm&r=g","contentUrl":"https:\/\/secure.gravatar.com\/avatar\/71dee3c96e6d7fffbaf42a74451ab63007d7a6399cb2055f7147cb2753ce5fb6?s=96&d=mm&r=g","caption":"bhi789632415"},"sameAs":["http:\/\/bureaudesheuresinvisibles.art"],"url":"https:\/\/bureaudesheuresinvisibles.art\/en\/author\/bhi789632415"}]}},"jetpack_featured_media_url":"","_links":{"self":[{"href":"https:\/\/bureaudesheuresinvisibles.art\/en\/wp-json\/wp\/v2\/posts\/8388","targetHints":{"allow":["GET"]}}],"collection":[{"href":"https:\/\/bureaudesheuresinvisibles.art\/en\/wp-json\/wp\/v2\/posts"}],"about":[{"href":"https:\/\/bureaudesheuresinvisibles.art\/en\/wp-json\/wp\/v2\/types\/post"}],"author":[{"embeddable":true,"href":"https:\/\/bureaudesheuresinvisibles.art\/en\/wp-json\/wp\/v2\/users\/1"}],"replies":[{"embeddable":true,"href":"https:\/\/bureaudesheuresinvisibles.art\/en\/wp-json\/wp\/v2\/comments?post=8388"}],"version-history":[{"count":21,"href":"https:\/\/bureaudesheuresinvisibles.art\/en\/wp-json\/wp\/v2\/posts\/8388\/revisions"}],"predecessor-version":[{"id":11932,"href":"https:\/\/bureaudesheuresinvisibles.art\/en\/wp-json\/wp\/v2\/posts\/8388\/revisions\/11932"}],"wp:attachment":[{"href":"https:\/\/bureaudesheuresinvisibles.art\/en\/wp-json\/wp\/v2\/media?parent=8388"}],"wp:term":[{"taxonomy":"category","embeddable":true,"href":"https:\/\/bureaudesheuresinvisibles.art\/en\/wp-json\/wp\/v2\/categories?post=8388"},{"taxonomy":"post_tag","embeddable":true,"href":"https:\/\/bureaudesheuresinvisibles.art\/en\/wp-json\/wp\/v2\/tags?post=8388"}],"curies":[{"name":"wp","href":"https:\/\/api.w.org\/{rel}","templated":true}]}}