{"id":8412,"date":"2021-09-18T12:05:42","date_gmt":"2021-09-18T12:05:42","guid":{"rendered":"https:\/\/bureaudesheuresinvisibles.art\/?p=8412"},"modified":"2022-11-29T12:13:26","modified_gmt":"2022-11-29T12:13:26","slug":"le-18-septembre-et-le-29-septembre-2021","status":"publish","type":"post","link":"https:\/\/bureaudesheuresinvisibles.art\/en\/le-18-septembre-et-le-29-septembre-2021","title":{"rendered":"Le 18 Septembre et le 29 Septembre 2021"},"content":{"rendered":"<div data-elementor-type=\"wp-post\" data-elementor-id=\"8412\" class=\"elementor elementor-8412\" data-elementor-post-type=\"post\">\n\t\t\t\t\t\t<section class=\"elementor-section elementor-top-section elementor-element elementor-element-73d4004 elementor-section-boxed elementor-section-height-default elementor-section-height-default\" data-id=\"73d4004\" data-element_type=\"section\">\n\t\t\t\t\t\t<div class=\"elementor-container elementor-column-gap-default\">\n\t\t\t\t\t<div class=\"elementor-column elementor-col-100 elementor-top-column elementor-element elementor-element-719d6a71\" data-id=\"719d6a71\" data-element_type=\"column\" id=\"toggle\">\n\t\t\t<div class=\"elementor-widget-wrap elementor-element-populated\">\n\t\t\t\t\t\t<div class=\"elementor-element elementor-element-1ea38c6e elementor-widget elementor-widget-heading\" data-id=\"1ea38c6e\" data-element_type=\"widget\" data-widget_type=\"heading.default\">\n\t\t\t\t\t<h6 class=\"elementor-heading-title elementor-size-default\">Le 18 Septembre et le 29 Septembre 2021<\/h6>\t\t\t\t<\/div>\n\t\t\t\t<div class=\"elementor-element elementor-element-4bfa0682 elementor-widget elementor-widget-text-editor\" data-id=\"4bfa0682\" data-element_type=\"widget\" id=\"link\" data-widget_type=\"text-editor.default\">\n\t\t\t\t\t\t\t\t\t<p>Le bureau des heures invisibles vous invite \u00e0 participer \u00e0 son Ensemble Plurilingue (hommage \u00e0 Hannah Arendt) pour une performance participative qui aura lieu en cl\u00f4ture de la 10 \u00e8me \u00e9dition de la <a href=\"https:\/\/www.nightofphilosophy.com\/\" target=\"_blank\" rel=\"noopener\">Nuit de la Philosophie<\/a>.<\/p>\t\t\t\t\t\t\t\t<\/div>\n\t\t\t\t<div class=\"elementor-element elementor-element-2b7b8a0b elementor-widget elementor-widget-bdt-toggle\" data-id=\"2b7b8a0b\" data-element_type=\"widget\" id=\"toggle\" data-widget_type=\"bdt-toggle.default\">\n\t\t\t\t<div class=\"elementor-widget-container\">\n\t\t\t\t\t\r\n        <div class=\"bdt-show-hide-container\">\r\n            <div id=\"bdt-show-hide-2b7b8a0b\" class=\"bdt-show-hide\" data-settings=\"{&quot;id&quot;:&quot;2b7b8a0b&quot;,&quot;scrollspy_top_offset&quot;:70,&quot;scrollspy_time&quot;:1000,&quot;toggle_initially_open&quot;:&quot; &quot;,&quot;by_widget_selector_status&quot;:&quot;no&quot;,&quot;viewport_lg&quot;:1023,&quot;viewport_md&quot;:767}\">\r\n                <div class=\"bdt-show-hide-item\">\r\n                    <div class=\"bdt-show-hide-content\">\r\n                        <p>\u00a0<\/p><p>Nous recherchons des lecteurs en\u00a0allemand, anglais, arabe, bambara, chinois (mandarin), creole mauricien, cor\u00e9en, espagnol, fran\u00e7ais, n\u00e9erlandais, farsi, frioulan, grec, hebreu, italien, japonais, portugais, norv\u00e9gien, russe, slov\u00e8ne.<\/p><p><br \/>Cette performance est une lecture en canon de traductions du texte\u00a0<em>Pluralit\u00e4t der Sprachen<\/em>, extrait du\u00a0<em>Denktagebuch<\/em>\u00a0de Hannah Arendt, \u00a0dans les langues choisies par les participants.<\/p><p>\u00a0<\/p><p>Le transport dans Paris,\u00a0et une collation seront offerts aux participants.<\/p><p>\u00a0<\/p><p>\u00a0<\/p><p>Le samedi 18 Septembre, au petit matin \u00e0 l&rsquo;UNESCO<br \/>RDV \u00e0 6h00 pour la repetition,\u00a0la performance\u00a0d\u00e9bute \u00e0 6h30<br \/>dans le Hall d&rsquo;Entr\u00e9e de l&rsquo;Unesco<br \/>7 place de Fontenoy<br \/>75007 Paris<\/p><p>\u00a0<\/p><p>et\/ou<\/p><p>\u00a0<\/p><p>Le 29 septembre \u00e0 17h, \u00e0 l&rsquo;Institut Culturel du Mexique, Paris, dans le cadre de l&rsquo;installation de Julieta Hanono, <em>Une\u00a0cosmologie des\u00a0po\u00e8tes\u00a0latino-am\u00e9ricaines (invitation \u00e0 venir).\u00a0<\/em><\/p><p>\u00a0<\/p><p>Si vous souhaitez participer \u00e0 la performance, envoyez un email au <a href=\"http:\/\/bureaudesheuresinvisibles@gmail.com\/\" target=\"_blank\" rel=\"noopener\">bureaudesheuresinvisibles@gmail.com<\/a><\/p>                    <\/div>\r\n\r\n                    <a class=\"bdt-show-hide-title\" href='javascript:void(0)'>\r\n                        <!--  -->\r\n                                                <!--  -->\r\n                        <span class=\"bdt-toggle-open\">\r\n                            en savoir plus                        <\/span>\r\n                        <span class=\"bdt-toggle-close\">\r\n                            fermer                        <\/span>\r\n                        \r\n                    <\/a>\r\n                <\/div>\r\n            <\/div>\r\n        <\/div>\r\n\r\n\t\t\t\t<\/div>\n\t\t\t\t<\/div>\n\t\t\t\t<div class=\"elementor-element elementor-element-6849f611 elementor-widget elementor-widget-image\" data-id=\"6849f611\" data-element_type=\"widget\" data-widget_type=\"image.default\">\n\t\t\t\t\t\t\t\t\t\t\t\t\t\t\t\t<a href=\"https:\/\/bureaudesheuresinvisibles.art\/wp-content\/uploads\/2022\/11\/511a5c6f-cfcb-2830-01da-45f4a5c52745.jpeg\" data-elementor-open-lightbox=\"yes\" data-e-action-hash=\"#elementor-action%3Aaction%3Dlightbox%26settings%3DeyJpZCI6ODQxNCwidXJsIjoiaHR0cHM6XC9cL2J1cmVhdWRlc2hldXJlc2ludmlzaWJsZXMuYXJ0XC93cC1jb250ZW50XC91cGxvYWRzXC8yMDIyXC8xMVwvNTExYTVjNmYtY2ZjYi0yODMwLTAxZGEtNDVmNGE1YzUyNzQ1LmpwZWcifQ%3D%3D\">\n\t\t\t\t\t\t\t<img fetchpriority=\"high\" width=\"800\" height=\"797\" src=\"https:\/\/bureaudesheuresinvisibles.art\/wp-content\/uploads\/2022\/11\/511a5c6f-cfcb-2830-01da-45f4a5c52745.jpeg\" class=\"attachment-large size-large wp-image-8414\" alt=\"\" decoding=\"async\" srcset=\"https:\/\/bureaudesheuresinvisibles.art\/wp-content\/uploads\/2022\/11\/511a5c6f-cfcb-2830-01da-45f4a5c52745.jpeg 800w, https:\/\/bureaudesheuresinvisibles.art\/wp-content\/uploads\/2022\/11\/511a5c6f-cfcb-2830-01da-45f4a5c52745-300x300.jpeg 300w, https:\/\/bureaudesheuresinvisibles.art\/wp-content\/uploads\/2022\/11\/511a5c6f-cfcb-2830-01da-45f4a5c52745-150x150.jpeg 150w, https:\/\/bureaudesheuresinvisibles.art\/wp-content\/uploads\/2022\/11\/511a5c6f-cfcb-2830-01da-45f4a5c52745-768x765.jpeg 768w, https:\/\/bureaudesheuresinvisibles.art\/wp-content\/uploads\/2022\/11\/511a5c6f-cfcb-2830-01da-45f4a5c52745-12x12.jpeg 12w\" sizes=\"(max-width: 800px) 100vw, 800px\" \/>\t\t\t\t\t\t\t\t<\/a>\n\t\t\t\t\t\t\t\t\t\t\t\t\t\t\t<\/div>\n\t\t\t\t<div class=\"elementor-element elementor-element-12106ec8 elementor-widget elementor-widget-spacer\" data-id=\"12106ec8\" data-element_type=\"widget\" data-widget_type=\"spacer.default\">\n\t\t\t\t\t\t\t<div class=\"elementor-spacer\">\n\t\t\t<div class=\"elementor-spacer-inner\"><\/div>\n\t\t<\/div>\n\t\t\t\t\t\t<\/div>\n\t\t\t\t\t<\/div>\n\t\t<\/div>\n\t\t\t\t\t<\/div>\n\t\t<\/section>\n\t\t\t\t<\/div>","protected":false},"excerpt":{"rendered":"<p>Le 18 Septembre et le 29 Septembre 2021 Le bureau des heures invisibles vous invite \u00e0 participer \u00e0 son Ensemble Plurilingue (hommage \u00e0 Hannah Arendt) pour une performance participative qui aura lieu en cl\u00f4ture de la 10 \u00e8me \u00e9dition de la Nuit de la Philosophie. \u00a0 Nous recherchons des lecteurs en\u00a0allemand, anglais, arabe, bambara, chinois [&hellip;]<\/p>\n","protected":false},"author":1,"featured_media":0,"comment_status":"open","ping_status":"open","sticky":false,"template":"","format":"standard","meta":{"footnotes":""},"categories":[25],"tags":[],"class_list":["post-8412","post","type-post","status-publish","format-standard","hentry","category-25"],"yoast_head":"<!-- This site is optimized with the Yoast SEO plugin v27.5 - https:\/\/yoast.com\/product\/yoast-seo-wordpress\/ -->\n<title>Le 18 Septembre et le 29 Septembre 2021 - bureau des heures invisibles<\/title>\n<meta name=\"robots\" content=\"index, follow, max-snippet:-1, max-image-preview:large, max-video-preview:-1\" \/>\n<link rel=\"canonical\" href=\"https:\/\/bureaudesheuresinvisibles.art\/en\/le-18-septembre-et-le-29-septembre-2021\/\" \/>\n<meta property=\"og:locale\" content=\"en_US\" \/>\n<meta property=\"og:type\" content=\"article\" \/>\n<meta property=\"og:title\" content=\"Le 18 Septembre et le 29 Septembre 2021 - bureau des heures invisibles\" \/>\n<meta property=\"og:description\" content=\"Le 18 Septembre et le 29 Septembre 2021 Le bureau des heures invisibles vous invite \u00e0 participer \u00e0 son Ensemble Plurilingue (hommage \u00e0 Hannah Arendt) pour une performance participative qui aura lieu en cl\u00f4ture de la 10 \u00e8me \u00e9dition de la Nuit de la Philosophie. \u00a0 Nous recherchons des lecteurs en\u00a0allemand, anglais, arabe, bambara, chinois [&hellip;]\" \/>\n<meta property=\"og:url\" content=\"https:\/\/bureaudesheuresinvisibles.art\/en\/le-18-septembre-et-le-29-septembre-2021\/\" \/>\n<meta property=\"og:site_name\" content=\"bureau des heures invisibles\" \/>\n<meta property=\"article:published_time\" content=\"2021-09-18T12:05:42+00:00\" \/>\n<meta property=\"article:modified_time\" content=\"2022-11-29T12:13:26+00:00\" \/>\n<meta property=\"og:image\" content=\"https:\/\/bureaudesheuresinvisibles.art\/wp-content\/uploads\/2022\/11\/511a5c6f-cfcb-2830-01da-45f4a5c52745.jpeg\" \/>\n<meta name=\"author\" content=\"bhi789632415\" \/>\n<meta name=\"twitter:card\" content=\"summary_large_image\" \/>\n<meta name=\"twitter:label1\" content=\"Written by\" \/>\n\t<meta name=\"twitter:data1\" content=\"bhi789632415\" \/>\n\t<meta name=\"twitter:label2\" content=\"Est. reading time\" \/>\n\t<meta name=\"twitter:data2\" content=\"2 minutes\" \/>\n<script type=\"application\/ld+json\" class=\"yoast-schema-graph\">{\"@context\":\"https:\\\/\\\/schema.org\",\"@graph\":[{\"@type\":\"Article\",\"@id\":\"https:\\\/\\\/bureaudesheuresinvisibles.art\\\/le-18-septembre-et-le-29-septembre-2021#article\",\"isPartOf\":{\"@id\":\"https:\\\/\\\/bureaudesheuresinvisibles.art\\\/le-18-septembre-et-le-29-septembre-2021\"},\"author\":{\"name\":\"bhi789632415\",\"@id\":\"https:\\\/\\\/bureaudesheuresinvisibles.art\\\/#\\\/schema\\\/person\\\/47d4ffba3b9215041cda77dc3b21bf4e\"},\"headline\":\"Le 18 Septembre et le 29 Septembre 2021\",\"datePublished\":\"2021-09-18T12:05:42+00:00\",\"dateModified\":\"2022-11-29T12:13:26+00:00\",\"mainEntityOfPage\":{\"@id\":\"https:\\\/\\\/bureaudesheuresinvisibles.art\\\/le-18-septembre-et-le-29-septembre-2021\"},\"wordCount\":196,\"commentCount\":0,\"publisher\":{\"@id\":\"https:\\\/\\\/bureaudesheuresinvisibles.art\\\/#organization\"},\"image\":{\"@id\":\"https:\\\/\\\/bureaudesheuresinvisibles.art\\\/le-18-septembre-et-le-29-septembre-2021#primaryimage\"},\"thumbnailUrl\":\"https:\\\/\\\/bureaudesheuresinvisibles.art\\\/wp-content\\\/uploads\\\/2022\\\/11\\\/511a5c6f-cfcb-2830-01da-45f4a5c52745.jpeg\",\"articleSection\":[\"2021\"],\"inLanguage\":\"en-US\"},{\"@type\":\"WebPage\",\"@id\":\"https:\\\/\\\/bureaudesheuresinvisibles.art\\\/le-18-septembre-et-le-29-septembre-2021\",\"url\":\"https:\\\/\\\/bureaudesheuresinvisibles.art\\\/le-18-septembre-et-le-29-septembre-2021\",\"name\":\"Le 18 Septembre et le 29 Septembre 2021 - bureau des heures invisibles\",\"isPartOf\":{\"@id\":\"https:\\\/\\\/bureaudesheuresinvisibles.art\\\/#website\"},\"primaryImageOfPage\":{\"@id\":\"https:\\\/\\\/bureaudesheuresinvisibles.art\\\/le-18-septembre-et-le-29-septembre-2021#primaryimage\"},\"image\":{\"@id\":\"https:\\\/\\\/bureaudesheuresinvisibles.art\\\/le-18-septembre-et-le-29-septembre-2021#primaryimage\"},\"thumbnailUrl\":\"https:\\\/\\\/bureaudesheuresinvisibles.art\\\/wp-content\\\/uploads\\\/2022\\\/11\\\/511a5c6f-cfcb-2830-01da-45f4a5c52745.jpeg\",\"datePublished\":\"2021-09-18T12:05:42+00:00\",\"dateModified\":\"2022-11-29T12:13:26+00:00\",\"breadcrumb\":{\"@id\":\"https:\\\/\\\/bureaudesheuresinvisibles.art\\\/le-18-septembre-et-le-29-septembre-2021#breadcrumb\"},\"inLanguage\":\"en-US\",\"potentialAction\":[{\"@type\":\"ReadAction\",\"target\":[\"https:\\\/\\\/bureaudesheuresinvisibles.art\\\/le-18-septembre-et-le-29-septembre-2021\"]}]},{\"@type\":\"ImageObject\",\"inLanguage\":\"en-US\",\"@id\":\"https:\\\/\\\/bureaudesheuresinvisibles.art\\\/le-18-septembre-et-le-29-septembre-2021#primaryimage\",\"url\":\"https:\\\/\\\/bureaudesheuresinvisibles.art\\\/wp-content\\\/uploads\\\/2022\\\/11\\\/511a5c6f-cfcb-2830-01da-45f4a5c52745.jpeg\",\"contentUrl\":\"https:\\\/\\\/bureaudesheuresinvisibles.art\\\/wp-content\\\/uploads\\\/2022\\\/11\\\/511a5c6f-cfcb-2830-01da-45f4a5c52745.jpeg\"},{\"@type\":\"BreadcrumbList\",\"@id\":\"https:\\\/\\\/bureaudesheuresinvisibles.art\\\/le-18-septembre-et-le-29-septembre-2021#breadcrumb\",\"itemListElement\":[{\"@type\":\"ListItem\",\"position\":1,\"name\":\"Accueil\",\"item\":\"https:\\\/\\\/bureaudesheuresinvisibles.art\\\/\"},{\"@type\":\"ListItem\",\"position\":2,\"name\":\"Le 18 Septembre et le 29 Septembre 2021\"}]},{\"@type\":\"WebSite\",\"@id\":\"https:\\\/\\\/bureaudesheuresinvisibles.art\\\/#website\",\"url\":\"https:\\\/\\\/bureaudesheuresinvisibles.art\\\/\",\"name\":\"bureau des heures invisibles\",\"description\":\"\",\"publisher\":{\"@id\":\"https:\\\/\\\/bureaudesheuresinvisibles.art\\\/#organization\"},\"potentialAction\":[{\"@type\":\"SearchAction\",\"target\":{\"@type\":\"EntryPoint\",\"urlTemplate\":\"https:\\\/\\\/bureaudesheuresinvisibles.art\\\/?s={search_term_string}\"},\"query-input\":{\"@type\":\"PropertyValueSpecification\",\"valueRequired\":true,\"valueName\":\"search_term_string\"}}],\"inLanguage\":\"en-US\"},{\"@type\":\"Organization\",\"@id\":\"https:\\\/\\\/bureaudesheuresinvisibles.art\\\/#organization\",\"name\":\"bureau des heures invisibles\",\"url\":\"https:\\\/\\\/bureaudesheuresinvisibles.art\\\/\",\"logo\":{\"@type\":\"ImageObject\",\"inLanguage\":\"en-US\",\"@id\":\"https:\\\/\\\/bureaudesheuresinvisibles.art\\\/#\\\/schema\\\/logo\\\/image\\\/\",\"url\":\"https:\\\/\\\/bureaudesheuresinvisibles.art\\\/wp-content\\\/uploads\\\/2022\\\/07\\\/logobhi_Plan-de-travail-1.png\",\"contentUrl\":\"https:\\\/\\\/bureaudesheuresinvisibles.art\\\/wp-content\\\/uploads\\\/2022\\\/07\\\/logobhi_Plan-de-travail-1.png\",\"width\":1549,\"height\":509,\"caption\":\"bureau des heures invisibles\"},\"image\":{\"@id\":\"https:\\\/\\\/bureaudesheuresinvisibles.art\\\/#\\\/schema\\\/logo\\\/image\\\/\"},\"sameAs\":[\"https:\\\/\\\/www.instagram.com\\\/bureaudesheuresinvisibles\\\/\"]},{\"@type\":\"Person\",\"@id\":\"https:\\\/\\\/bureaudesheuresinvisibles.art\\\/#\\\/schema\\\/person\\\/47d4ffba3b9215041cda77dc3b21bf4e\",\"name\":\"bhi789632415\",\"image\":{\"@type\":\"ImageObject\",\"inLanguage\":\"en-US\",\"@id\":\"https:\\\/\\\/secure.gravatar.com\\\/avatar\\\/71dee3c96e6d7fffbaf42a74451ab63007d7a6399cb2055f7147cb2753ce5fb6?s=96&d=mm&r=g\",\"url\":\"https:\\\/\\\/secure.gravatar.com\\\/avatar\\\/71dee3c96e6d7fffbaf42a74451ab63007d7a6399cb2055f7147cb2753ce5fb6?s=96&d=mm&r=g\",\"contentUrl\":\"https:\\\/\\\/secure.gravatar.com\\\/avatar\\\/71dee3c96e6d7fffbaf42a74451ab63007d7a6399cb2055f7147cb2753ce5fb6?s=96&d=mm&r=g\",\"caption\":\"bhi789632415\"},\"sameAs\":[\"http:\\\/\\\/bureaudesheuresinvisibles.art\"],\"url\":\"https:\\\/\\\/bureaudesheuresinvisibles.art\\\/en\\\/author\\\/bhi789632415\"}]}<\/script>\n<!-- \/ Yoast SEO plugin. -->","yoast_head_json":{"title":"Le 18 Septembre et le 29 Septembre 2021 - bureau des heures invisibles","robots":{"index":"index","follow":"follow","max-snippet":"max-snippet:-1","max-image-preview":"max-image-preview:large","max-video-preview":"max-video-preview:-1"},"canonical":"https:\/\/bureaudesheuresinvisibles.art\/en\/le-18-septembre-et-le-29-septembre-2021\/","og_locale":"en_US","og_type":"article","og_title":"Le 18 Septembre et le 29 Septembre 2021 - bureau des heures invisibles","og_description":"Le 18 Septembre et le 29 Septembre 2021 Le bureau des heures invisibles vous invite \u00e0 participer \u00e0 son Ensemble Plurilingue (hommage \u00e0 Hannah Arendt) pour une performance participative qui aura lieu en cl\u00f4ture de la 10 \u00e8me \u00e9dition de la Nuit de la Philosophie. \u00a0 Nous recherchons des lecteurs en\u00a0allemand, anglais, arabe, bambara, chinois [&hellip;]","og_url":"https:\/\/bureaudesheuresinvisibles.art\/en\/le-18-septembre-et-le-29-septembre-2021\/","og_site_name":"bureau des heures invisibles","article_published_time":"2021-09-18T12:05:42+00:00","article_modified_time":"2022-11-29T12:13:26+00:00","og_image":[{"url":"https:\/\/bureaudesheuresinvisibles.art\/wp-content\/uploads\/2022\/11\/511a5c6f-cfcb-2830-01da-45f4a5c52745.jpeg","type":"","width":"","height":""}],"author":"bhi789632415","twitter_card":"summary_large_image","twitter_misc":{"Written by":"bhi789632415","Est. reading time":"2 minutes"},"schema":{"@context":"https:\/\/schema.org","@graph":[{"@type":"Article","@id":"https:\/\/bureaudesheuresinvisibles.art\/le-18-septembre-et-le-29-septembre-2021#article","isPartOf":{"@id":"https:\/\/bureaudesheuresinvisibles.art\/le-18-septembre-et-le-29-septembre-2021"},"author":{"name":"bhi789632415","@id":"https:\/\/bureaudesheuresinvisibles.art\/#\/schema\/person\/47d4ffba3b9215041cda77dc3b21bf4e"},"headline":"Le 18 Septembre et le 29 Septembre 2021","datePublished":"2021-09-18T12:05:42+00:00","dateModified":"2022-11-29T12:13:26+00:00","mainEntityOfPage":{"@id":"https:\/\/bureaudesheuresinvisibles.art\/le-18-septembre-et-le-29-septembre-2021"},"wordCount":196,"commentCount":0,"publisher":{"@id":"https:\/\/bureaudesheuresinvisibles.art\/#organization"},"image":{"@id":"https:\/\/bureaudesheuresinvisibles.art\/le-18-septembre-et-le-29-septembre-2021#primaryimage"},"thumbnailUrl":"https:\/\/bureaudesheuresinvisibles.art\/wp-content\/uploads\/2022\/11\/511a5c6f-cfcb-2830-01da-45f4a5c52745.jpeg","articleSection":["2021"],"inLanguage":"en-US"},{"@type":"WebPage","@id":"https:\/\/bureaudesheuresinvisibles.art\/le-18-septembre-et-le-29-septembre-2021","url":"https:\/\/bureaudesheuresinvisibles.art\/le-18-septembre-et-le-29-septembre-2021","name":"Le 18 Septembre et le 29 Septembre 2021 - bureau des heures invisibles","isPartOf":{"@id":"https:\/\/bureaudesheuresinvisibles.art\/#website"},"primaryImageOfPage":{"@id":"https:\/\/bureaudesheuresinvisibles.art\/le-18-septembre-et-le-29-septembre-2021#primaryimage"},"image":{"@id":"https:\/\/bureaudesheuresinvisibles.art\/le-18-septembre-et-le-29-septembre-2021#primaryimage"},"thumbnailUrl":"https:\/\/bureaudesheuresinvisibles.art\/wp-content\/uploads\/2022\/11\/511a5c6f-cfcb-2830-01da-45f4a5c52745.jpeg","datePublished":"2021-09-18T12:05:42+00:00","dateModified":"2022-11-29T12:13:26+00:00","breadcrumb":{"@id":"https:\/\/bureaudesheuresinvisibles.art\/le-18-septembre-et-le-29-septembre-2021#breadcrumb"},"inLanguage":"en-US","potentialAction":[{"@type":"ReadAction","target":["https:\/\/bureaudesheuresinvisibles.art\/le-18-septembre-et-le-29-septembre-2021"]}]},{"@type":"ImageObject","inLanguage":"en-US","@id":"https:\/\/bureaudesheuresinvisibles.art\/le-18-septembre-et-le-29-septembre-2021#primaryimage","url":"https:\/\/bureaudesheuresinvisibles.art\/wp-content\/uploads\/2022\/11\/511a5c6f-cfcb-2830-01da-45f4a5c52745.jpeg","contentUrl":"https:\/\/bureaudesheuresinvisibles.art\/wp-content\/uploads\/2022\/11\/511a5c6f-cfcb-2830-01da-45f4a5c52745.jpeg"},{"@type":"BreadcrumbList","@id":"https:\/\/bureaudesheuresinvisibles.art\/le-18-septembre-et-le-29-septembre-2021#breadcrumb","itemListElement":[{"@type":"ListItem","position":1,"name":"Accueil","item":"https:\/\/bureaudesheuresinvisibles.art\/"},{"@type":"ListItem","position":2,"name":"Le 18 Septembre et le 29 Septembre 2021"}]},{"@type":"WebSite","@id":"https:\/\/bureaudesheuresinvisibles.art\/#website","url":"https:\/\/bureaudesheuresinvisibles.art\/","name":"bureau des heures invisibles","description":"","publisher":{"@id":"https:\/\/bureaudesheuresinvisibles.art\/#organization"},"potentialAction":[{"@type":"SearchAction","target":{"@type":"EntryPoint","urlTemplate":"https:\/\/bureaudesheuresinvisibles.art\/?s={search_term_string}"},"query-input":{"@type":"PropertyValueSpecification","valueRequired":true,"valueName":"search_term_string"}}],"inLanguage":"en-US"},{"@type":"Organization","@id":"https:\/\/bureaudesheuresinvisibles.art\/#organization","name":"bureau des heures invisibles","url":"https:\/\/bureaudesheuresinvisibles.art\/","logo":{"@type":"ImageObject","inLanguage":"en-US","@id":"https:\/\/bureaudesheuresinvisibles.art\/#\/schema\/logo\/image\/","url":"https:\/\/bureaudesheuresinvisibles.art\/wp-content\/uploads\/2022\/07\/logobhi_Plan-de-travail-1.png","contentUrl":"https:\/\/bureaudesheuresinvisibles.art\/wp-content\/uploads\/2022\/07\/logobhi_Plan-de-travail-1.png","width":1549,"height":509,"caption":"bureau des heures invisibles"},"image":{"@id":"https:\/\/bureaudesheuresinvisibles.art\/#\/schema\/logo\/image\/"},"sameAs":["https:\/\/www.instagram.com\/bureaudesheuresinvisibles\/"]},{"@type":"Person","@id":"https:\/\/bureaudesheuresinvisibles.art\/#\/schema\/person\/47d4ffba3b9215041cda77dc3b21bf4e","name":"bhi789632415","image":{"@type":"ImageObject","inLanguage":"en-US","@id":"https:\/\/secure.gravatar.com\/avatar\/71dee3c96e6d7fffbaf42a74451ab63007d7a6399cb2055f7147cb2753ce5fb6?s=96&d=mm&r=g","url":"https:\/\/secure.gravatar.com\/avatar\/71dee3c96e6d7fffbaf42a74451ab63007d7a6399cb2055f7147cb2753ce5fb6?s=96&d=mm&r=g","contentUrl":"https:\/\/secure.gravatar.com\/avatar\/71dee3c96e6d7fffbaf42a74451ab63007d7a6399cb2055f7147cb2753ce5fb6?s=96&d=mm&r=g","caption":"bhi789632415"},"sameAs":["http:\/\/bureaudesheuresinvisibles.art"],"url":"https:\/\/bureaudesheuresinvisibles.art\/en\/author\/bhi789632415"}]}},"jetpack_featured_media_url":"","_links":{"self":[{"href":"https:\/\/bureaudesheuresinvisibles.art\/en\/wp-json\/wp\/v2\/posts\/8412","targetHints":{"allow":["GET"]}}],"collection":[{"href":"https:\/\/bureaudesheuresinvisibles.art\/en\/wp-json\/wp\/v2\/posts"}],"about":[{"href":"https:\/\/bureaudesheuresinvisibles.art\/en\/wp-json\/wp\/v2\/types\/post"}],"author":[{"embeddable":true,"href":"https:\/\/bureaudesheuresinvisibles.art\/en\/wp-json\/wp\/v2\/users\/1"}],"replies":[{"embeddable":true,"href":"https:\/\/bureaudesheuresinvisibles.art\/en\/wp-json\/wp\/v2\/comments?post=8412"}],"version-history":[{"count":4,"href":"https:\/\/bureaudesheuresinvisibles.art\/en\/wp-json\/wp\/v2\/posts\/8412\/revisions"}],"predecessor-version":[{"id":8417,"href":"https:\/\/bureaudesheuresinvisibles.art\/en\/wp-json\/wp\/v2\/posts\/8412\/revisions\/8417"}],"wp:attachment":[{"href":"https:\/\/bureaudesheuresinvisibles.art\/en\/wp-json\/wp\/v2\/media?parent=8412"}],"wp:term":[{"taxonomy":"category","embeddable":true,"href":"https:\/\/bureaudesheuresinvisibles.art\/en\/wp-json\/wp\/v2\/categories?post=8412"},{"taxonomy":"post_tag","embeddable":true,"href":"https:\/\/bureaudesheuresinvisibles.art\/en\/wp-json\/wp\/v2\/tags?post=8412"}],"curies":[{"name":"wp","href":"https:\/\/api.w.org\/{rel}","templated":true}]}}