{"id":9319,"date":"2023-06-26T08:36:23","date_gmt":"2023-06-26T08:36:23","guid":{"rendered":"https:\/\/bureaudesheuresinvisibles.art\/?p=9319"},"modified":"2024-12-09T17:17:52","modified_gmt":"2024-12-09T17:17:52","slug":"la-fete-des-langues-et-des-cultures-daubervilliers-mai-2022","status":"publish","type":"post","link":"https:\/\/bureaudesheuresinvisibles.art\/en\/la-fete-des-langues-et-des-cultures-daubervilliers-mai-2022","title":{"rendered":"La F\u00eate des Langues et des Cultures d&rsquo;Aubervilliers, Mai 2022"},"content":{"rendered":"\t\t<div data-elementor-type=\"wp-post\" data-elementor-id=\"9319\" class=\"elementor elementor-9319\" data-elementor-post-type=\"post\">\n\t\t\t\t\t\t<section class=\"elementor-section elementor-top-section elementor-element elementor-element-5fc2aed1 elementor-section-boxed elementor-section-height-default elementor-section-height-default\" data-id=\"5fc2aed1\" data-element_type=\"section\">\n\t\t\t\t\t\t<div class=\"elementor-container elementor-column-gap-default\">\n\t\t\t\t\t<div class=\"elementor-column elementor-col-100 elementor-top-column elementor-element elementor-element-72ab1a5\" data-id=\"72ab1a5\" data-element_type=\"column\" id=\"cinq\">\n\t\t\t<div class=\"elementor-widget-wrap elementor-element-populated\">\n\t\t\t\t\t\t<div class=\"elementor-element elementor-element-49813bc2 elementor-widget elementor-widget-text-editor\" data-id=\"49813bc2\" data-element_type=\"widget\" data-widget_type=\"text-editor.default\">\n\t\t\t\t\t\t\t\t\t<h6 class=\"p1\" style=\"text-align: left;\"><span style=\"font-weight: 400;\"><em>HABITER EN OISEAU<\/em> (D&rsquo;APR\u00c8S VINCIANE DESPRET), mai 2022<\/span><\/h6>\t\t\t\t\t\t\t\t<\/div>\n\t\t\t\t<div class=\"elementor-element elementor-element-2d18cd2e elementor-widget elementor-widget-text-editor\" data-id=\"2d18cd2e\" data-element_type=\"widget\" data-widget_type=\"text-editor.default\">\n\t\t\t\t\t\t\t\t\t<h6 class=\"p1\" style=\"padding-left: 40px;\"><span style=\"font-weight: 400;\">Une performance chant\u00e9e par l&rsquo;ensemble plurilingue du bureau des heures invisibles.<\/span><\/h6>\t\t\t\t\t\t\t\t<\/div>\n\t\t\t\t<div class=\"elementor-element elementor-element-1d11abf elementor-widget elementor-widget-jkit_gallery\" data-id=\"1d11abf\" data-element_type=\"widget\" data-widget_type=\"jkit_gallery.default\">\n\t\t\t\t\t<div  class=\"jeg-elementor-kit jkit-gallery layout-overlay jeg_module___69f28f2672a15\"  data-grid=\"masonry\" data-id=\"jeg_module___69f28f2672a15\" data-per-page=\"50\" data-load-more=\"0\" data-current-loaded=\"2\" data-count-items=\"2\" data-animation-duration=\"0\" data-no-more=\"Plus l\u2019\u00e9l\u00e9ment\" data-items=\"[&quot;&lt;div class=\\&quot;gallery-item-wrap \\&quot;&gt; &lt;div class=\\&quot;grid-item\\&quot;&gt;&lt;div class=\\&quot;thumbnail-wrap\\&quot;&gt;&lt;img width=\\&quot;1810\\&quot; height=\\&quot;2560\\&quot; src=\\&quot;https:\\\/\\\/bureaudesheuresinvisibles.art\\\/wp-content\\\/uploads\\\/2023\\\/06\\\/A4_bhi_0-scaled.jpg\\&quot; class=\\&quot;attachment-full size-full\\&quot; alt=\\&quot;\\&quot; url=\\&quot;https:\\\/\\\/bureaudesheuresinvisibles.art\\\/wp-content\\\/uploads\\\/2023\\\/06\\\/A4_bhi_0-scaled.jpg\\&quot; source=\\&quot;library\\&quot; srcset=\\&quot;https:\\\/\\\/bureaudesheuresinvisibles.art\\\/wp-content\\\/uploads\\\/2023\\\/06\\\/A4_bhi_0-scaled.jpg 1810w, https:\\\/\\\/bureaudesheuresinvisibles.art\\\/wp-content\\\/uploads\\\/2023\\\/06\\\/A4_bhi_0-212x300.jpg 212w, https:\\\/\\\/bureaudesheuresinvisibles.art\\\/wp-content\\\/uploads\\\/2023\\\/06\\\/A4_bhi_0-724x1024.jpg 724w, https:\\\/\\\/bureaudesheuresinvisibles.art\\\/wp-content\\\/uploads\\\/2023\\\/06\\\/A4_bhi_0-768x1086.jpg 768w, https:\\\/\\\/bureaudesheuresinvisibles.art\\\/wp-content\\\/uploads\\\/2023\\\/06\\\/A4_bhi_0-1086x1536.jpg 1086w, https:\\\/\\\/bureaudesheuresinvisibles.art\\\/wp-content\\\/uploads\\\/2023\\\/06\\\/A4_bhi_0-1448x2048.jpg 1448w, https:\\\/\\\/bureaudesheuresinvisibles.art\\\/wp-content\\\/uploads\\\/2023\\\/06\\\/A4_bhi_0-8x12.jpg 8w\\&quot; sizes=\\&quot;(max-width: 1810px) 100vw, 1810px\\&quot; \\\/&gt;&lt;\\\/div&gt;&lt;a href=\\&quot;https:\\\/\\\/bureaudesheuresinvisibles.art\\\/wp-content\\\/uploads\\\/2023\\\/06\\\/A4_bhi_0-scaled.jpg\\&quot; class=\\&quot;gallery-link\\&quot; data-elementor-open-lightbox=\\&quot;yes\\&quot; data-elementor-lightbox-slideshow=\\&quot;jkit_gallery_lightbox_jeg_module___69f28f2672a15\\&quot;&gt;&lt;div class=\\&quot;caption-wrap style-overlay overlay-overlay\\&quot;&gt; &lt;div class=\\&quot;item-hover-bg\\&quot;&gt;&lt;\\\/div&gt; &lt;div class=\\&quot;item-caption-over\\&quot;&gt; &lt;h5 class=\\&quot;item-title\\&quot;&gt;&lt;\\\/h5&gt; &lt;div class=\\&quot;item-content\\&quot;&gt;&lt;\\\/div&gt; &lt;\\\/div&gt; &lt;div class=\\&quot;caption-head\\&quot;&gt;&lt;\\\/div&gt; &lt;div class=\\&quot;caption-category\\&quot;&gt;&lt;\\\/div&gt; &lt;\\\/div&gt;&lt;\\\/a&gt;&lt;\\\/div&gt; &lt;\\\/div&gt;&quot;,&quot;&lt;div class=\\&quot;gallery-item-wrap \\&quot;&gt; &lt;div class=\\&quot;grid-item\\&quot;&gt;&lt;div class=\\&quot;thumbnail-wrap\\&quot;&gt;&lt;img width=\\&quot;1810\\&quot; height=\\&quot;2560\\&quot; src=\\&quot;https:\\\/\\\/bureaudesheuresinvisibles.art\\\/wp-content\\\/uploads\\\/2023\\\/06\\\/A4_bhi_1-scaled.jpg\\&quot; class=\\&quot;attachment-full size-full\\&quot; alt=\\&quot;\\&quot; url=\\&quot;https:\\\/\\\/bureaudesheuresinvisibles.art\\\/wp-content\\\/uploads\\\/2023\\\/06\\\/A4_bhi_1-scaled.jpg\\&quot; source=\\&quot;library\\&quot; srcset=\\&quot;https:\\\/\\\/bureaudesheuresinvisibles.art\\\/wp-content\\\/uploads\\\/2023\\\/06\\\/A4_bhi_1-scaled.jpg 1810w, https:\\\/\\\/bureaudesheuresinvisibles.art\\\/wp-content\\\/uploads\\\/2023\\\/06\\\/A4_bhi_1-212x300.jpg 212w, https:\\\/\\\/bureaudesheuresinvisibles.art\\\/wp-content\\\/uploads\\\/2023\\\/06\\\/A4_bhi_1-724x1024.jpg 724w, https:\\\/\\\/bureaudesheuresinvisibles.art\\\/wp-content\\\/uploads\\\/2023\\\/06\\\/A4_bhi_1-768x1086.jpg 768w, https:\\\/\\\/bureaudesheuresinvisibles.art\\\/wp-content\\\/uploads\\\/2023\\\/06\\\/A4_bhi_1-1086x1536.jpg 1086w, https:\\\/\\\/bureaudesheuresinvisibles.art\\\/wp-content\\\/uploads\\\/2023\\\/06\\\/A4_bhi_1-1448x2048.jpg 1448w, https:\\\/\\\/bureaudesheuresinvisibles.art\\\/wp-content\\\/uploads\\\/2023\\\/06\\\/A4_bhi_1-8x12.jpg 8w\\&quot; sizes=\\&quot;(max-width: 1810px) 100vw, 1810px\\&quot; \\\/&gt;&lt;\\\/div&gt;&lt;a href=\\&quot;https:\\\/\\\/bureaudesheuresinvisibles.art\\\/wp-content\\\/uploads\\\/2023\\\/06\\\/A4_bhi_1-scaled.jpg\\&quot; class=\\&quot;gallery-link\\&quot; data-elementor-open-lightbox=\\&quot;yes\\&quot; data-elementor-lightbox-slideshow=\\&quot;jkit_gallery_lightbox_jeg_module___69f28f2672a15\\&quot;&gt;&lt;div class=\\&quot;caption-wrap style-overlay overlay-overlay\\&quot;&gt; &lt;div class=\\&quot;item-hover-bg\\&quot;&gt;&lt;\\\/div&gt; &lt;div class=\\&quot;item-caption-over\\&quot;&gt; &lt;h5 class=\\&quot;item-title\\&quot;&gt;&lt;\\\/h5&gt; &lt;div class=\\&quot;item-content\\&quot;&gt;&lt;\\\/div&gt; &lt;\\\/div&gt; &lt;div class=\\&quot;caption-head\\&quot;&gt;&lt;\\\/div&gt; &lt;div class=\\&quot;caption-category\\&quot;&gt;&lt;\\\/div&gt; &lt;\\\/div&gt;&lt;\\\/a&gt;&lt;\\\/div&gt; &lt;\\\/div&gt;&quot;]\">\n            <div class=\"gallery-items\"><div class=\"gallery-item-wrap \"> <div class=\"grid-item\"><div class=\"thumbnail-wrap\"><img fetchpriority=\"high\" decoding=\"async\" width=\"1810\" height=\"2560\" src=\"https:\/\/bureaudesheuresinvisibles.art\/wp-content\/uploads\/2023\/06\/A4_bhi_0-scaled.jpg\" class=\"attachment-full size-full\" alt=\"\" url=\"https:\/\/bureaudesheuresinvisibles.art\/wp-content\/uploads\/2023\/06\/A4_bhi_0-scaled.jpg\" source=\"library\" srcset=\"https:\/\/bureaudesheuresinvisibles.art\/wp-content\/uploads\/2023\/06\/A4_bhi_0-scaled.jpg 1810w, https:\/\/bureaudesheuresinvisibles.art\/wp-content\/uploads\/2023\/06\/A4_bhi_0-212x300.jpg 212w, https:\/\/bureaudesheuresinvisibles.art\/wp-content\/uploads\/2023\/06\/A4_bhi_0-724x1024.jpg 724w, https:\/\/bureaudesheuresinvisibles.art\/wp-content\/uploads\/2023\/06\/A4_bhi_0-768x1086.jpg 768w, https:\/\/bureaudesheuresinvisibles.art\/wp-content\/uploads\/2023\/06\/A4_bhi_0-1086x1536.jpg 1086w, https:\/\/bureaudesheuresinvisibles.art\/wp-content\/uploads\/2023\/06\/A4_bhi_0-1448x2048.jpg 1448w, https:\/\/bureaudesheuresinvisibles.art\/wp-content\/uploads\/2023\/06\/A4_bhi_0-8x12.jpg 8w\" sizes=\"(max-width: 1810px) 100vw, 1810px\" \/><\/div><a href=\"https:\/\/bureaudesheuresinvisibles.art\/wp-content\/uploads\/2023\/06\/A4_bhi_0-scaled.jpg\" class=\"gallery-link\" data-elementor-open-lightbox=\"yes\" data-elementor-lightbox-slideshow=\"jkit_gallery_lightbox_jeg_module___69f28f2672a15\"><div class=\"caption-wrap style-overlay overlay-overlay\"> <div class=\"item-hover-bg\"><\/div> <div class=\"item-caption-over\"> <h5 class=\"item-title\"><\/h5> <div class=\"item-content\"><\/div> <\/div> <div class=\"caption-head\"><\/div> <div class=\"caption-category\"><\/div> <\/div><\/a><\/div> <\/div><div class=\"gallery-item-wrap \"> <div class=\"grid-item\"><div class=\"thumbnail-wrap\"><img decoding=\"async\" width=\"1810\" height=\"2560\" src=\"https:\/\/bureaudesheuresinvisibles.art\/wp-content\/uploads\/2023\/06\/A4_bhi_1-scaled.jpg\" class=\"attachment-full size-full\" alt=\"\" url=\"https:\/\/bureaudesheuresinvisibles.art\/wp-content\/uploads\/2023\/06\/A4_bhi_1-scaled.jpg\" source=\"library\" srcset=\"https:\/\/bureaudesheuresinvisibles.art\/wp-content\/uploads\/2023\/06\/A4_bhi_1-scaled.jpg 1810w, https:\/\/bureaudesheuresinvisibles.art\/wp-content\/uploads\/2023\/06\/A4_bhi_1-212x300.jpg 212w, https:\/\/bureaudesheuresinvisibles.art\/wp-content\/uploads\/2023\/06\/A4_bhi_1-724x1024.jpg 724w, https:\/\/bureaudesheuresinvisibles.art\/wp-content\/uploads\/2023\/06\/A4_bhi_1-768x1086.jpg 768w, https:\/\/bureaudesheuresinvisibles.art\/wp-content\/uploads\/2023\/06\/A4_bhi_1-1086x1536.jpg 1086w, https:\/\/bureaudesheuresinvisibles.art\/wp-content\/uploads\/2023\/06\/A4_bhi_1-1448x2048.jpg 1448w, https:\/\/bureaudesheuresinvisibles.art\/wp-content\/uploads\/2023\/06\/A4_bhi_1-8x12.jpg 8w\" sizes=\"(max-width: 1810px) 100vw, 1810px\" \/><\/div><a href=\"https:\/\/bureaudesheuresinvisibles.art\/wp-content\/uploads\/2023\/06\/A4_bhi_1-scaled.jpg\" class=\"gallery-link\" data-elementor-open-lightbox=\"yes\" data-elementor-lightbox-slideshow=\"jkit_gallery_lightbox_jeg_module___69f28f2672a15\"><div class=\"caption-wrap style-overlay overlay-overlay\"> <div class=\"item-hover-bg\"><\/div> <div class=\"item-caption-over\"> <h5 class=\"item-title\"><\/h5> <div class=\"item-content\"><\/div> <\/div> <div class=\"caption-head\"><\/div> <div class=\"caption-category\"><\/div> <\/div><\/a><\/div> <\/div><\/div>\n            <div class=\"load-more-items\"><\/div><\/div>\t\t\t\t<\/div>\n\t\t\t\t<div class=\"elementor-element elementor-element-18696147 elementor-widget elementor-widget-text-editor\" data-id=\"18696147\" data-element_type=\"widget\" data-widget_type=\"text-editor.default\">\n\t\t\t\t\t\t\t\t\t<p class=\"p1\">\u00c0 l&rsquo;occasion de la F\u00eate des Langues Maternelles d&rsquo;Aubervilliers, avec la participation d&rsquo;Ornella Bonventre, lawid Ghani, Julieta Hanono, Ralph Mahfoud, Am\u00e9lie Mourgue d&rsquo;Algue, Nadia Sa\u00eft, Mireille Rivat et Sunnyboy. <span style=\"font-weight: 400;\">Une initiative d&rsquo;Am\u00e9lie Mourgue d&rsquo;Algue avec l&rsquo;accompagnement de Sarina Basta pour l&rsquo;Ensemble Plurilingue du bureau des heures invisibles.<\/span><\/p><p class=\"p1\">\u00c9dit\u00e9e en collaboration avec le studio officeabc et Clara Degay.<\/p>\t\t\t\t\t\t\t\t<\/div>\n\t\t\t\t\t<\/div>\n\t\t<\/div>\n\t\t\t\t\t<\/div>\n\t\t<\/section>\n\t\t\t\t<\/div>\n\t\t","protected":false},"excerpt":{"rendered":"<p>HABITER EN OISEAU (D&rsquo;APR\u00c8S VINCIANE DESPRET), mai 2022 Une performance chant\u00e9e par l&rsquo;ensemble plurilingue du bureau des heures invisibles. \u00c0 l&rsquo;occasion de la F\u00eate des Langues Maternelles d&rsquo;Aubervilliers, avec la participation d&rsquo;Ornella Bonventre, lawid Ghani, Julieta Hanono, Ralph Mahfoud, Am\u00e9lie Mourgue d&rsquo;Algue, Nadia Sa\u00eft, Mireille Rivat et Sunnyboy. Une initiative d&rsquo;Am\u00e9lie Mourgue d&rsquo;Algue avec l&rsquo;accompagnement [&hellip;]<\/p>\n","protected":false},"author":1,"featured_media":0,"comment_status":"open","ping_status":"open","sticky":false,"template":"","format":"standard","meta":{"footnotes":""},"categories":[45],"tags":[],"class_list":["post-9319","post","type-post","status-publish","format-standard","hentry","category-editions"],"yoast_head":"<!-- This site is optimized with the Yoast SEO plugin v27.5 - https:\/\/yoast.com\/product\/yoast-seo-wordpress\/ -->\n<title>La F\u00eate des Langues et des Cultures d&#039;Aubervilliers, Mai 2022 - bureau des heures invisibles<\/title>\n<meta name=\"robots\" content=\"index, follow, max-snippet:-1, max-image-preview:large, max-video-preview:-1\" \/>\n<link rel=\"canonical\" href=\"https:\/\/bureaudesheuresinvisibles.art\/en\/la-fete-des-langues-et-des-cultures-daubervilliers-mai-2022\/\" \/>\n<meta property=\"og:locale\" content=\"en_US\" \/>\n<meta property=\"og:type\" content=\"article\" \/>\n<meta property=\"og:title\" content=\"La F\u00eate des Langues et des Cultures d&#039;Aubervilliers, Mai 2022 - bureau des heures invisibles\" \/>\n<meta property=\"og:description\" content=\"HABITER EN OISEAU (D&rsquo;APR\u00c8S VINCIANE DESPRET), mai 2022 Une performance chant\u00e9e par l&rsquo;ensemble plurilingue du bureau des heures invisibles. \u00c0 l&rsquo;occasion de la F\u00eate des Langues Maternelles d&rsquo;Aubervilliers, avec la participation d&rsquo;Ornella Bonventre, lawid Ghani, Julieta Hanono, Ralph Mahfoud, Am\u00e9lie Mourgue d&rsquo;Algue, Nadia Sa\u00eft, Mireille Rivat et Sunnyboy. Une initiative d&rsquo;Am\u00e9lie Mourgue d&rsquo;Algue avec l&rsquo;accompagnement [&hellip;]\" \/>\n<meta property=\"og:url\" content=\"https:\/\/bureaudesheuresinvisibles.art\/en\/la-fete-des-langues-et-des-cultures-daubervilliers-mai-2022\/\" \/>\n<meta property=\"og:site_name\" content=\"bureau des heures invisibles\" \/>\n<meta property=\"article:published_time\" content=\"2023-06-26T08:36:23+00:00\" \/>\n<meta property=\"article:modified_time\" content=\"2024-12-09T17:17:52+00:00\" \/>\n<meta property=\"og:image\" content=\"https:\/\/bureaudesheuresinvisibles.art\/wp-content\/uploads\/2023\/06\/A4_bhi_0-scaled.jpg\" \/>\n<meta name=\"author\" content=\"bhi789632415\" \/>\n<meta name=\"twitter:card\" content=\"summary_large_image\" \/>\n<meta name=\"twitter:label1\" content=\"Written by\" \/>\n\t<meta name=\"twitter:data1\" content=\"bhi789632415\" \/>\n\t<meta name=\"twitter:label2\" content=\"Est. reading time\" \/>\n\t<meta name=\"twitter:data2\" content=\"1 minute\" \/>\n<script type=\"application\/ld+json\" class=\"yoast-schema-graph\">{\"@context\":\"https:\\\/\\\/schema.org\",\"@graph\":[{\"@type\":\"Article\",\"@id\":\"https:\\\/\\\/bureaudesheuresinvisibles.art\\\/la-fete-des-langues-et-des-cultures-daubervilliers-mai-2022#article\",\"isPartOf\":{\"@id\":\"https:\\\/\\\/bureaudesheuresinvisibles.art\\\/la-fete-des-langues-et-des-cultures-daubervilliers-mai-2022\"},\"author\":{\"name\":\"bhi789632415\",\"@id\":\"https:\\\/\\\/bureaudesheuresinvisibles.art\\\/#\\\/schema\\\/person\\\/47d4ffba3b9215041cda77dc3b21bf4e\"},\"headline\":\"La F\u00eate des Langues et des Cultures d&rsquo;Aubervilliers, Mai 2022\",\"datePublished\":\"2023-06-26T08:36:23+00:00\",\"dateModified\":\"2024-12-09T17:17:52+00:00\",\"mainEntityOfPage\":{\"@id\":\"https:\\\/\\\/bureaudesheuresinvisibles.art\\\/la-fete-des-langues-et-des-cultures-daubervilliers-mai-2022\"},\"wordCount\":91,\"commentCount\":0,\"publisher\":{\"@id\":\"https:\\\/\\\/bureaudesheuresinvisibles.art\\\/#organization\"},\"image\":{\"@id\":\"https:\\\/\\\/bureaudesheuresinvisibles.art\\\/la-fete-des-langues-et-des-cultures-daubervilliers-mai-2022#primaryimage\"},\"thumbnailUrl\":\"https:\\\/\\\/bureaudesheuresinvisibles.art\\\/wp-content\\\/uploads\\\/2023\\\/06\\\/A4_bhi_0-scaled.jpg\",\"articleSection\":[\"EDITIONS\"],\"inLanguage\":\"en-US\"},{\"@type\":\"WebPage\",\"@id\":\"https:\\\/\\\/bureaudesheuresinvisibles.art\\\/la-fete-des-langues-et-des-cultures-daubervilliers-mai-2022\",\"url\":\"https:\\\/\\\/bureaudesheuresinvisibles.art\\\/la-fete-des-langues-et-des-cultures-daubervilliers-mai-2022\",\"name\":\"La F\u00eate des Langues et des Cultures d'Aubervilliers, Mai 2022 - bureau des heures invisibles\",\"isPartOf\":{\"@id\":\"https:\\\/\\\/bureaudesheuresinvisibles.art\\\/#website\"},\"primaryImageOfPage\":{\"@id\":\"https:\\\/\\\/bureaudesheuresinvisibles.art\\\/la-fete-des-langues-et-des-cultures-daubervilliers-mai-2022#primaryimage\"},\"image\":{\"@id\":\"https:\\\/\\\/bureaudesheuresinvisibles.art\\\/la-fete-des-langues-et-des-cultures-daubervilliers-mai-2022#primaryimage\"},\"thumbnailUrl\":\"https:\\\/\\\/bureaudesheuresinvisibles.art\\\/wp-content\\\/uploads\\\/2023\\\/06\\\/A4_bhi_0-scaled.jpg\",\"datePublished\":\"2023-06-26T08:36:23+00:00\",\"dateModified\":\"2024-12-09T17:17:52+00:00\",\"breadcrumb\":{\"@id\":\"https:\\\/\\\/bureaudesheuresinvisibles.art\\\/la-fete-des-langues-et-des-cultures-daubervilliers-mai-2022#breadcrumb\"},\"inLanguage\":\"en-US\",\"potentialAction\":[{\"@type\":\"ReadAction\",\"target\":[\"https:\\\/\\\/bureaudesheuresinvisibles.art\\\/la-fete-des-langues-et-des-cultures-daubervilliers-mai-2022\"]}]},{\"@type\":\"ImageObject\",\"inLanguage\":\"en-US\",\"@id\":\"https:\\\/\\\/bureaudesheuresinvisibles.art\\\/la-fete-des-langues-et-des-cultures-daubervilliers-mai-2022#primaryimage\",\"url\":\"https:\\\/\\\/bureaudesheuresinvisibles.art\\\/wp-content\\\/uploads\\\/2023\\\/06\\\/A4_bhi_0-scaled.jpg\",\"contentUrl\":\"https:\\\/\\\/bureaudesheuresinvisibles.art\\\/wp-content\\\/uploads\\\/2023\\\/06\\\/A4_bhi_0-scaled.jpg\"},{\"@type\":\"BreadcrumbList\",\"@id\":\"https:\\\/\\\/bureaudesheuresinvisibles.art\\\/la-fete-des-langues-et-des-cultures-daubervilliers-mai-2022#breadcrumb\",\"itemListElement\":[{\"@type\":\"ListItem\",\"position\":1,\"name\":\"Accueil\",\"item\":\"https:\\\/\\\/bureaudesheuresinvisibles.art\\\/\"},{\"@type\":\"ListItem\",\"position\":2,\"name\":\"La F\u00eate des Langues et des Cultures d&rsquo;Aubervilliers, Mai 2022\"}]},{\"@type\":\"WebSite\",\"@id\":\"https:\\\/\\\/bureaudesheuresinvisibles.art\\\/#website\",\"url\":\"https:\\\/\\\/bureaudesheuresinvisibles.art\\\/\",\"name\":\"bureau des heures invisibles\",\"description\":\"\",\"publisher\":{\"@id\":\"https:\\\/\\\/bureaudesheuresinvisibles.art\\\/#organization\"},\"potentialAction\":[{\"@type\":\"SearchAction\",\"target\":{\"@type\":\"EntryPoint\",\"urlTemplate\":\"https:\\\/\\\/bureaudesheuresinvisibles.art\\\/?s={search_term_string}\"},\"query-input\":{\"@type\":\"PropertyValueSpecification\",\"valueRequired\":true,\"valueName\":\"search_term_string\"}}],\"inLanguage\":\"en-US\"},{\"@type\":\"Organization\",\"@id\":\"https:\\\/\\\/bureaudesheuresinvisibles.art\\\/#organization\",\"name\":\"bureau des heures invisibles\",\"url\":\"https:\\\/\\\/bureaudesheuresinvisibles.art\\\/\",\"logo\":{\"@type\":\"ImageObject\",\"inLanguage\":\"en-US\",\"@id\":\"https:\\\/\\\/bureaudesheuresinvisibles.art\\\/#\\\/schema\\\/logo\\\/image\\\/\",\"url\":\"https:\\\/\\\/bureaudesheuresinvisibles.art\\\/wp-content\\\/uploads\\\/2022\\\/07\\\/logobhi_Plan-de-travail-1.png\",\"contentUrl\":\"https:\\\/\\\/bureaudesheuresinvisibles.art\\\/wp-content\\\/uploads\\\/2022\\\/07\\\/logobhi_Plan-de-travail-1.png\",\"width\":1549,\"height\":509,\"caption\":\"bureau des heures invisibles\"},\"image\":{\"@id\":\"https:\\\/\\\/bureaudesheuresinvisibles.art\\\/#\\\/schema\\\/logo\\\/image\\\/\"},\"sameAs\":[\"https:\\\/\\\/www.instagram.com\\\/bureaudesheuresinvisibles\\\/\"]},{\"@type\":\"Person\",\"@id\":\"https:\\\/\\\/bureaudesheuresinvisibles.art\\\/#\\\/schema\\\/person\\\/47d4ffba3b9215041cda77dc3b21bf4e\",\"name\":\"bhi789632415\",\"image\":{\"@type\":\"ImageObject\",\"inLanguage\":\"en-US\",\"@id\":\"https:\\\/\\\/secure.gravatar.com\\\/avatar\\\/71dee3c96e6d7fffbaf42a74451ab63007d7a6399cb2055f7147cb2753ce5fb6?s=96&d=mm&r=g\",\"url\":\"https:\\\/\\\/secure.gravatar.com\\\/avatar\\\/71dee3c96e6d7fffbaf42a74451ab63007d7a6399cb2055f7147cb2753ce5fb6?s=96&d=mm&r=g\",\"contentUrl\":\"https:\\\/\\\/secure.gravatar.com\\\/avatar\\\/71dee3c96e6d7fffbaf42a74451ab63007d7a6399cb2055f7147cb2753ce5fb6?s=96&d=mm&r=g\",\"caption\":\"bhi789632415\"},\"sameAs\":[\"http:\\\/\\\/bureaudesheuresinvisibles.art\"],\"url\":\"https:\\\/\\\/bureaudesheuresinvisibles.art\\\/en\\\/author\\\/bhi789632415\"}]}<\/script>\n<!-- \/ Yoast SEO plugin. -->","yoast_head_json":{"title":"La F\u00eate des Langues et des Cultures d'Aubervilliers, Mai 2022 - bureau des heures invisibles","robots":{"index":"index","follow":"follow","max-snippet":"max-snippet:-1","max-image-preview":"max-image-preview:large","max-video-preview":"max-video-preview:-1"},"canonical":"https:\/\/bureaudesheuresinvisibles.art\/en\/la-fete-des-langues-et-des-cultures-daubervilliers-mai-2022\/","og_locale":"en_US","og_type":"article","og_title":"La F\u00eate des Langues et des Cultures d'Aubervilliers, Mai 2022 - bureau des heures invisibles","og_description":"HABITER EN OISEAU (D&rsquo;APR\u00c8S VINCIANE DESPRET), mai 2022 Une performance chant\u00e9e par l&rsquo;ensemble plurilingue du bureau des heures invisibles. \u00c0 l&rsquo;occasion de la F\u00eate des Langues Maternelles d&rsquo;Aubervilliers, avec la participation d&rsquo;Ornella Bonventre, lawid Ghani, Julieta Hanono, Ralph Mahfoud, Am\u00e9lie Mourgue d&rsquo;Algue, Nadia Sa\u00eft, Mireille Rivat et Sunnyboy. Une initiative d&rsquo;Am\u00e9lie Mourgue d&rsquo;Algue avec l&rsquo;accompagnement [&hellip;]","og_url":"https:\/\/bureaudesheuresinvisibles.art\/en\/la-fete-des-langues-et-des-cultures-daubervilliers-mai-2022\/","og_site_name":"bureau des heures invisibles","article_published_time":"2023-06-26T08:36:23+00:00","article_modified_time":"2024-12-09T17:17:52+00:00","og_image":[{"url":"https:\/\/bureaudesheuresinvisibles.art\/wp-content\/uploads\/2023\/06\/A4_bhi_0-scaled.jpg","type":"","width":"","height":""}],"author":"bhi789632415","twitter_card":"summary_large_image","twitter_misc":{"Written by":"bhi789632415","Est. reading time":"1 minute"},"schema":{"@context":"https:\/\/schema.org","@graph":[{"@type":"Article","@id":"https:\/\/bureaudesheuresinvisibles.art\/la-fete-des-langues-et-des-cultures-daubervilliers-mai-2022#article","isPartOf":{"@id":"https:\/\/bureaudesheuresinvisibles.art\/la-fete-des-langues-et-des-cultures-daubervilliers-mai-2022"},"author":{"name":"bhi789632415","@id":"https:\/\/bureaudesheuresinvisibles.art\/#\/schema\/person\/47d4ffba3b9215041cda77dc3b21bf4e"},"headline":"La F\u00eate des Langues et des Cultures d&rsquo;Aubervilliers, Mai 2022","datePublished":"2023-06-26T08:36:23+00:00","dateModified":"2024-12-09T17:17:52+00:00","mainEntityOfPage":{"@id":"https:\/\/bureaudesheuresinvisibles.art\/la-fete-des-langues-et-des-cultures-daubervilliers-mai-2022"},"wordCount":91,"commentCount":0,"publisher":{"@id":"https:\/\/bureaudesheuresinvisibles.art\/#organization"},"image":{"@id":"https:\/\/bureaudesheuresinvisibles.art\/la-fete-des-langues-et-des-cultures-daubervilliers-mai-2022#primaryimage"},"thumbnailUrl":"https:\/\/bureaudesheuresinvisibles.art\/wp-content\/uploads\/2023\/06\/A4_bhi_0-scaled.jpg","articleSection":["EDITIONS"],"inLanguage":"en-US"},{"@type":"WebPage","@id":"https:\/\/bureaudesheuresinvisibles.art\/la-fete-des-langues-et-des-cultures-daubervilliers-mai-2022","url":"https:\/\/bureaudesheuresinvisibles.art\/la-fete-des-langues-et-des-cultures-daubervilliers-mai-2022","name":"La F\u00eate des Langues et des Cultures d'Aubervilliers, Mai 2022 - bureau des heures invisibles","isPartOf":{"@id":"https:\/\/bureaudesheuresinvisibles.art\/#website"},"primaryImageOfPage":{"@id":"https:\/\/bureaudesheuresinvisibles.art\/la-fete-des-langues-et-des-cultures-daubervilliers-mai-2022#primaryimage"},"image":{"@id":"https:\/\/bureaudesheuresinvisibles.art\/la-fete-des-langues-et-des-cultures-daubervilliers-mai-2022#primaryimage"},"thumbnailUrl":"https:\/\/bureaudesheuresinvisibles.art\/wp-content\/uploads\/2023\/06\/A4_bhi_0-scaled.jpg","datePublished":"2023-06-26T08:36:23+00:00","dateModified":"2024-12-09T17:17:52+00:00","breadcrumb":{"@id":"https:\/\/bureaudesheuresinvisibles.art\/la-fete-des-langues-et-des-cultures-daubervilliers-mai-2022#breadcrumb"},"inLanguage":"en-US","potentialAction":[{"@type":"ReadAction","target":["https:\/\/bureaudesheuresinvisibles.art\/la-fete-des-langues-et-des-cultures-daubervilliers-mai-2022"]}]},{"@type":"ImageObject","inLanguage":"en-US","@id":"https:\/\/bureaudesheuresinvisibles.art\/la-fete-des-langues-et-des-cultures-daubervilliers-mai-2022#primaryimage","url":"https:\/\/bureaudesheuresinvisibles.art\/wp-content\/uploads\/2023\/06\/A4_bhi_0-scaled.jpg","contentUrl":"https:\/\/bureaudesheuresinvisibles.art\/wp-content\/uploads\/2023\/06\/A4_bhi_0-scaled.jpg"},{"@type":"BreadcrumbList","@id":"https:\/\/bureaudesheuresinvisibles.art\/la-fete-des-langues-et-des-cultures-daubervilliers-mai-2022#breadcrumb","itemListElement":[{"@type":"ListItem","position":1,"name":"Accueil","item":"https:\/\/bureaudesheuresinvisibles.art\/"},{"@type":"ListItem","position":2,"name":"La F\u00eate des Langues et des Cultures d&rsquo;Aubervilliers, Mai 2022"}]},{"@type":"WebSite","@id":"https:\/\/bureaudesheuresinvisibles.art\/#website","url":"https:\/\/bureaudesheuresinvisibles.art\/","name":"bureau des heures invisibles","description":"","publisher":{"@id":"https:\/\/bureaudesheuresinvisibles.art\/#organization"},"potentialAction":[{"@type":"SearchAction","target":{"@type":"EntryPoint","urlTemplate":"https:\/\/bureaudesheuresinvisibles.art\/?s={search_term_string}"},"query-input":{"@type":"PropertyValueSpecification","valueRequired":true,"valueName":"search_term_string"}}],"inLanguage":"en-US"},{"@type":"Organization","@id":"https:\/\/bureaudesheuresinvisibles.art\/#organization","name":"bureau des heures invisibles","url":"https:\/\/bureaudesheuresinvisibles.art\/","logo":{"@type":"ImageObject","inLanguage":"en-US","@id":"https:\/\/bureaudesheuresinvisibles.art\/#\/schema\/logo\/image\/","url":"https:\/\/bureaudesheuresinvisibles.art\/wp-content\/uploads\/2022\/07\/logobhi_Plan-de-travail-1.png","contentUrl":"https:\/\/bureaudesheuresinvisibles.art\/wp-content\/uploads\/2022\/07\/logobhi_Plan-de-travail-1.png","width":1549,"height":509,"caption":"bureau des heures invisibles"},"image":{"@id":"https:\/\/bureaudesheuresinvisibles.art\/#\/schema\/logo\/image\/"},"sameAs":["https:\/\/www.instagram.com\/bureaudesheuresinvisibles\/"]},{"@type":"Person","@id":"https:\/\/bureaudesheuresinvisibles.art\/#\/schema\/person\/47d4ffba3b9215041cda77dc3b21bf4e","name":"bhi789632415","image":{"@type":"ImageObject","inLanguage":"en-US","@id":"https:\/\/secure.gravatar.com\/avatar\/71dee3c96e6d7fffbaf42a74451ab63007d7a6399cb2055f7147cb2753ce5fb6?s=96&d=mm&r=g","url":"https:\/\/secure.gravatar.com\/avatar\/71dee3c96e6d7fffbaf42a74451ab63007d7a6399cb2055f7147cb2753ce5fb6?s=96&d=mm&r=g","contentUrl":"https:\/\/secure.gravatar.com\/avatar\/71dee3c96e6d7fffbaf42a74451ab63007d7a6399cb2055f7147cb2753ce5fb6?s=96&d=mm&r=g","caption":"bhi789632415"},"sameAs":["http:\/\/bureaudesheuresinvisibles.art"],"url":"https:\/\/bureaudesheuresinvisibles.art\/en\/author\/bhi789632415"}]}},"jetpack_featured_media_url":"","_links":{"self":[{"href":"https:\/\/bureaudesheuresinvisibles.art\/en\/wp-json\/wp\/v2\/posts\/9319","targetHints":{"allow":["GET"]}}],"collection":[{"href":"https:\/\/bureaudesheuresinvisibles.art\/en\/wp-json\/wp\/v2\/posts"}],"about":[{"href":"https:\/\/bureaudesheuresinvisibles.art\/en\/wp-json\/wp\/v2\/types\/post"}],"author":[{"embeddable":true,"href":"https:\/\/bureaudesheuresinvisibles.art\/en\/wp-json\/wp\/v2\/users\/1"}],"replies":[{"embeddable":true,"href":"https:\/\/bureaudesheuresinvisibles.art\/en\/wp-json\/wp\/v2\/comments?post=9319"}],"version-history":[{"count":86,"href":"https:\/\/bureaudesheuresinvisibles.art\/en\/wp-json\/wp\/v2\/posts\/9319\/revisions"}],"predecessor-version":[{"id":11476,"href":"https:\/\/bureaudesheuresinvisibles.art\/en\/wp-json\/wp\/v2\/posts\/9319\/revisions\/11476"}],"wp:attachment":[{"href":"https:\/\/bureaudesheuresinvisibles.art\/en\/wp-json\/wp\/v2\/media?parent=9319"}],"wp:term":[{"taxonomy":"category","embeddable":true,"href":"https:\/\/bureaudesheuresinvisibles.art\/en\/wp-json\/wp\/v2\/categories?post=9319"},{"taxonomy":"post_tag","embeddable":true,"href":"https:\/\/bureaudesheuresinvisibles.art\/en\/wp-json\/wp\/v2\/tags?post=9319"}],"curies":[{"name":"wp","href":"https:\/\/api.w.org\/{rel}","templated":true}]}}