{"id":9542,"date":"2024-03-01T13:24:27","date_gmt":"2024-03-01T13:24:27","guid":{"rendered":"https:\/\/bureaudesheuresinvisibles.art\/?p=9542"},"modified":"2024-12-11T11:07:57","modified_gmt":"2024-12-11T11:07:57","slug":"jeudi-29-fevrier-2024","status":"publish","type":"post","link":"https:\/\/bureaudesheuresinvisibles.art\/en\/jeudi-29-fevrier-2024","title":{"rendered":"Jeudi 29 f\u00e9vrier 2024"},"content":{"rendered":"<div data-elementor-type=\"wp-post\" data-elementor-id=\"9542\" class=\"elementor elementor-9542\" data-elementor-post-type=\"post\">\n\t\t\t\t\t\t<section class=\"elementor-section elementor-top-section elementor-element elementor-element-58059652 elementor-section-boxed elementor-section-height-default elementor-section-height-default\" data-id=\"58059652\" data-element_type=\"section\">\n\t\t\t\t\t\t<div class=\"elementor-container elementor-column-gap-default\">\n\t\t\t\t\t<div class=\"elementor-column elementor-col-100 elementor-top-column elementor-element elementor-element-62edf4be\" data-id=\"62edf4be\" data-element_type=\"column\" id=\"toggle\">\n\t\t\t<div class=\"elementor-widget-wrap elementor-element-populated\">\n\t\t\t\t\t\t<div class=\"elementor-element elementor-element-686f44f7 elementor-widget elementor-widget-heading\" data-id=\"686f44f7\" data-element_type=\"widget\" data-widget_type=\"heading.default\">\n\t\t\t\t\t<h6 class=\"elementor-heading-title elementor-size-default\">Jeudi 29 f\u00e9vrier 2024<\/h6>\t\t\t\t<\/div>\n\t\t\t\t<div class=\"elementor-element elementor-element-4d7e130c elementor-widget elementor-widget-text-editor\" data-id=\"4d7e130c\" data-element_type=\"widget\" id=\"link\" data-widget_type=\"text-editor.default\">\n\t\t\t\t\t\t\t\t\t<p>Le bureau des heures invisibles pr\u00e9sente une restitution autour d&rsquo;un projet en commun avec <span style=\"text-decoration: underline;\">Julieta Hanono<\/span>, <span style=\"text-decoration: underline;\">Fabienne Brug\u00e8re<\/span>, <span style=\"text-decoration: underline;\">Mara Montanaro<\/span>, et L&rsquo;Atelier D\u00e9brouille organis\u00e9e par le Cercle Chromatic, l\u2019association des alumni des Beaux-Arts de Paris, de 18h00 \u00e0 20h00, Amphith\u00e9\u00e2tre des M\u00fbriers (14 rue Bonaparte, 75006 Paris).<\/p>\t\t\t\t\t\t\t\t<\/div>\n\t\t\t\t<div class=\"elementor-element elementor-element-31a0b6b elementor-widget elementor-widget-bdt-toggle\" data-id=\"31a0b6b\" data-element_type=\"widget\" id=\"toggle\" data-widget_type=\"bdt-toggle.default\">\n\t\t\t\t<div class=\"elementor-widget-container\">\n\t\t\t\t\t\r\n        <div class=\"bdt-show-hide-container\">\r\n            <div id=\"bdt-show-hide-31a0b6b\" class=\"bdt-show-hide\" data-settings=\"{&quot;id&quot;:&quot;31a0b6b&quot;,&quot;scrollspy_top_offset&quot;:70,&quot;scrollspy_time&quot;:1000,&quot;toggle_initially_open&quot;:&quot; &quot;,&quot;by_widget_selector_status&quot;:&quot;no&quot;,&quot;viewport_lg&quot;:1023,&quot;viewport_md&quot;:767}\">\r\n                <div class=\"bdt-show-hide-item\">\r\n                    <div class=\"bdt-show-hide-content\">\r\n                        <p>\u00a0<\/p><p>L\u2019artiste Julieta Hanono pr\u00e9sente son travail autour de la Cosmologie de l\u2019Aquarium d\u2019Aubervilliers au sein de l\u2019atelier La D\u00e9brouille, avec Adria Benatmane et le soutien du bureau des heures invisibles. Elle dialogue avec les philosophes Fabienne Brug\u00e8re et Mara Montanaro, \u00e0 propos des relations entre la cosmologie et la philosophie de care et sur les entrelacements de la cosmologie avec la pacha mama et les f\u00e9minismes latino-am\u00e9ricains. L&rsquo;oeuvre de la Cosmologie de l&rsquo;Aquarium a \u00e9t\u00e9 d\u00e9velopp\u00e9e et co-produite sur plusieurs mois avec les femmes de l&rsquo;atelier de Couture d&rsquo;Aubervilliers, la D\u00e9brouille dans le cadre d&rsquo;une commande avec le bhi dans cette salle de quartier mutualis\u00e9e.<\/p><p>\u00a0<\/p><p>Les cosmologies de Julieta Hanono s&rsquo;inspirent de la cosmovision du peuple Qom, peuple indig\u00e8ne qui habitait originairement dans la r\u00e9gion de Chaco argentin, dans la for\u00eat dite de \u00ab L\u2019Imp\u00e9n\u00e9trable \u00bb. Aujourd\u2019hui la d\u00e9forestation et l\u2019extractivisme poussent ce peuple originel \u00e0 un exode dans les bords des villes. Depuis 2017 l\u2019artiste travaille avec eux, elle rencontre leur histoire et celle d&rsquo;un de leurs mythes fondateurs : Les Femmes Etoiles.<\/p><p>\u00a0<\/p><p>Julieta Hanono est n\u00e9e \u00e0 Buenos Aires et a \u00e9tudi\u00e9 la philosophie et Arts Visuels \u00e0 l\u2019Universit\u00e9 de Rosario. Entre 1990 et 1992 elle \u00e9tudie aux Beaux-Arts de Paris. Son \u0153uvre est \u00e9troitement li\u00e9e \u00e0 son exp\u00e9rience politique en Argentine dans les ann\u00e9es 1970, sa disparition, son emprisonnement et ensuite son exil en France. Aujourd\u2019hui son travail constitue un point de rencontre entre deux sph\u00e8res g\u00e9ographiques diff\u00e9rentes : l\u2019Am\u00e9rique latine et l\u2019h\u00e9misph\u00e8re nord. Depuis une perspective f\u00e9ministe, \u00e0 travers ses \u0153uvres, elle s\u2019engage \u00e0 r\u00e9fl\u00e9chir aux mod\u00e8les critiques et esth\u00e9tiques entre le Nord et le Sud, interrogeant le langage dans sa capacit\u00e9 \u00e0 traduire les r\u00e9cits personnels et collectifs.<\/p><p>\u00a0<\/p><p>Fabienne Brug\u00e8re est professeure depuis 2014 \u00e0 l&rsquo;Universit\u00e9 Paris 8 de philosophie des arts modernes et contemporains, elle est sp\u00e9cialis\u00e9e en esth\u00e9tique et en philosophie de l&rsquo;art, histoire de la philosophie moderne (18e si\u00e8cle), philosophie morale et politique, \u00e9tudes de philosophie anglo-am\u00e9ricaine et th\u00e9orie f\u00e9ministe. Elle pr\u00e9side L&rsquo;Universit\u00e9 Paris Lumi\u00e8res depuis 2019. Elle d\u00e9veloppe la philosophie du Care.<\/p><p>\u00a0<\/p><p>Mara Montanaro est philosophe et rattach\u00e9e en tant que chercheuse au Laboratoire d&rsquo;\u00e9tudes de genre et sexualit\u00e9s (LEGS) aupr\u00e8s de l\u2019Universit\u00e9 Paris 8. Elle est sp\u00e9cialiste des philosophies f\u00e9ministes contemporaines et poursuit une activit\u00e9 de curatrice. Elle pr\u00e9pare avec Julieta Hanono une exposition au Centre d&rsquo;Art Contemporain de Gen\u00e8ve en 2024. Une invitation du Cercle Chromatique, l\u2019association des alumni des Beaux-Arts de Paris.<\/p><p>\u00a0<\/p><p>Une invitation du Cercle Chromatique, l\u2019association des alumni des Beaux-Arts de Paris. Plus d&rsquo;information <a href=\"https:\/\/gmail.us17.list-manage.com\/track\/click?u=18fdaf9e6b488003a8db9871a&amp;id=2ff21b3988&amp;e=af787d6f49\" target=\"_blank\" rel=\"noopener\">ici<\/a>.<\/p><p>\u00a0<\/p>                    <\/div>\r\n\r\n                    <a class=\"bdt-show-hide-title\" href='javascript:void(0)'>\r\n                        <!--  -->\r\n                                                <!--  -->\r\n                        <span class=\"bdt-toggle-open\">\r\n                            en savoir plus                        <\/span>\r\n                        <span class=\"bdt-toggle-close\">\r\n                            fermer                        <\/span>\r\n                        \r\n                    <\/a>\r\n                <\/div>\r\n            <\/div>\r\n        <\/div>\r\n\r\n\t\t\t\t<\/div>\n\t\t\t\t<\/div>\n\t\t\t\t<div class=\"elementor-element elementor-element-59b74667 elementor-widget elementor-widget-image\" data-id=\"59b74667\" data-element_type=\"widget\" data-widget_type=\"image.default\">\n\t\t\t\t\t\t\t\t\t\t\t\t\t\t\t\t<a href=\"https:\/\/bureaudesheuresinvisibles.art\/wp-content\/uploads\/2024\/03\/605a5cd4-a6ba-de43-e4a8-f4d25f6b9642.jpg\" data-elementor-open-lightbox=\"yes\" data-e-action-hash=\"#elementor-action%3Aaction%3Dlightbox%26settings%3DeyJpZCI6OTU0NSwidXJsIjoiaHR0cHM6XC9cL2J1cmVhdWRlc2hldXJlc2ludmlzaWJsZXMuYXJ0XC93cC1jb250ZW50XC91cGxvYWRzXC8yMDI0XC8wM1wvNjA1YTVjZDQtYTZiYS1kZTQzLWU0YTgtZjRkMjVmNmI5NjQyLndlYnAifQ%3D%3D\">\n\t\t\t\t\t\t\t<img fetchpriority=\"high\" width=\"800\" height=\"402\" src=\"https:\/\/bureaudesheuresinvisibles.art\/wp-content\/uploads\/2024\/03\/605a5cd4-a6ba-de43-e4a8-f4d25f6b9642-1024x515.webp\" class=\"attachment-large size-large wp-image-9545\" alt=\"\" decoding=\"async\" srcset=\"https:\/\/bureaudesheuresinvisibles.art\/wp-content\/uploads\/2024\/03\/605a5cd4-a6ba-de43-e4a8-f4d25f6b9642-1024x515.webp 1024w, https:\/\/bureaudesheuresinvisibles.art\/wp-content\/uploads\/2024\/03\/605a5cd4-a6ba-de43-e4a8-f4d25f6b9642-300x151.webp 300w, https:\/\/bureaudesheuresinvisibles.art\/wp-content\/uploads\/2024\/03\/605a5cd4-a6ba-de43-e4a8-f4d25f6b9642-768x386.webp 768w, https:\/\/bureaudesheuresinvisibles.art\/wp-content\/uploads\/2024\/03\/605a5cd4-a6ba-de43-e4a8-f4d25f6b9642-18x9.webp 18w, https:\/\/bureaudesheuresinvisibles.art\/wp-content\/uploads\/2024\/03\/605a5cd4-a6ba-de43-e4a8-f4d25f6b9642.webp 1085w\" sizes=\"(max-width: 800px) 100vw, 800px\" \/>\t\t\t\t\t\t\t\t<\/a>\n\t\t\t\t\t\t\t\t\t\t\t\t\t\t\t<\/div>\n\t\t\t\t<div class=\"elementor-element elementor-element-59127851 elementor-widget elementor-widget-spacer\" data-id=\"59127851\" data-element_type=\"widget\" data-widget_type=\"spacer.default\">\n\t\t\t\t\t\t\t<div class=\"elementor-spacer\">\n\t\t\t<div class=\"elementor-spacer-inner\"><\/div>\n\t\t<\/div>\n\t\t\t\t\t\t<\/div>\n\t\t\t\t\t<\/div>\n\t\t<\/div>\n\t\t\t\t\t<\/div>\n\t\t<\/section>\n\t\t\t\t<\/div>","protected":false},"excerpt":{"rendered":"<p>Jeudi 29 f\u00e9vrier 2024 Le bureau des heures invisibles pr\u00e9sente une restitution autour d&rsquo;un projet en commun avec Julieta Hanono, Fabienne Brug\u00e8re, Mara Montanaro, et L&rsquo;Atelier D\u00e9brouille organis\u00e9e par le Cercle Chromatic, l\u2019association des alumni des Beaux-Arts de Paris, de 18h00 \u00e0 20h00, Amphith\u00e9\u00e2tre des M\u00fbriers (14 rue Bonaparte, 75006 Paris). \u00a0 L\u2019artiste Julieta Hanono [&hellip;]<\/p>\n","protected":false},"author":1,"featured_media":0,"comment_status":"open","ping_status":"open","sticky":false,"template":"","format":"standard","meta":{"footnotes":""},"categories":[82],"tags":[],"class_list":["post-9542","post","type-post","status-publish","format-standard","hentry","category-82"],"yoast_head":"<!-- This site is optimized with the Yoast SEO plugin v27.5 - https:\/\/yoast.com\/product\/yoast-seo-wordpress\/ -->\n<title>Jeudi 29 f\u00e9vrier 2024 - bureau des heures invisibles<\/title>\n<meta name=\"robots\" content=\"index, follow, max-snippet:-1, max-image-preview:large, max-video-preview:-1\" \/>\n<link rel=\"canonical\" href=\"https:\/\/bureaudesheuresinvisibles.art\/en\/jeudi-29-fevrier-2024\/\" \/>\n<meta property=\"og:locale\" content=\"en_US\" \/>\n<meta property=\"og:type\" content=\"article\" \/>\n<meta property=\"og:title\" content=\"Jeudi 29 f\u00e9vrier 2024 - bureau des heures invisibles\" \/>\n<meta property=\"og:description\" content=\"Jeudi 29 f\u00e9vrier 2024 Le bureau des heures invisibles pr\u00e9sente une restitution autour d&rsquo;un projet en commun avec Julieta Hanono, Fabienne Brug\u00e8re, Mara Montanaro, et L&rsquo;Atelier D\u00e9brouille organis\u00e9e par le Cercle Chromatic, l\u2019association des alumni des Beaux-Arts de Paris, de 18h00 \u00e0 20h00, Amphith\u00e9\u00e2tre des M\u00fbriers (14 rue Bonaparte, 75006 Paris). \u00a0 L\u2019artiste Julieta Hanono [&hellip;]\" \/>\n<meta property=\"og:url\" content=\"https:\/\/bureaudesheuresinvisibles.art\/en\/jeudi-29-fevrier-2024\/\" \/>\n<meta property=\"og:site_name\" content=\"bureau des heures invisibles\" \/>\n<meta property=\"article:published_time\" content=\"2024-03-01T13:24:27+00:00\" \/>\n<meta property=\"article:modified_time\" content=\"2024-12-11T11:07:57+00:00\" \/>\n<meta property=\"og:image\" content=\"https:\/\/bureaudesheuresinvisibles.art\/wp-content\/uploads\/2024\/03\/605a5cd4-a6ba-de43-e4a8-f4d25f6b9642-1024x515.webp\" \/>\n<meta name=\"author\" content=\"bhi789632415\" \/>\n<meta name=\"twitter:card\" content=\"summary_large_image\" \/>\n<meta name=\"twitter:label1\" content=\"Written by\" \/>\n\t<meta name=\"twitter:data1\" content=\"bhi789632415\" \/>\n\t<meta name=\"twitter:label2\" content=\"Est. reading time\" \/>\n\t<meta name=\"twitter:data2\" content=\"3 minutes\" \/>\n<script type=\"application\/ld+json\" class=\"yoast-schema-graph\">{\"@context\":\"https:\\\/\\\/schema.org\",\"@graph\":[{\"@type\":\"Article\",\"@id\":\"https:\\\/\\\/bureaudesheuresinvisibles.art\\\/jeudi-29-fevrier-2024#article\",\"isPartOf\":{\"@id\":\"https:\\\/\\\/bureaudesheuresinvisibles.art\\\/jeudi-29-fevrier-2024\"},\"author\":{\"name\":\"bhi789632415\",\"@id\":\"https:\\\/\\\/bureaudesheuresinvisibles.art\\\/#\\\/schema\\\/person\\\/47d4ffba3b9215041cda77dc3b21bf4e\"},\"headline\":\"Jeudi 29 f\u00e9vrier 2024\",\"datePublished\":\"2024-03-01T13:24:27+00:00\",\"dateModified\":\"2024-12-11T11:07:57+00:00\",\"mainEntityOfPage\":{\"@id\":\"https:\\\/\\\/bureaudesheuresinvisibles.art\\\/jeudi-29-fevrier-2024\"},\"wordCount\":536,\"commentCount\":0,\"publisher\":{\"@id\":\"https:\\\/\\\/bureaudesheuresinvisibles.art\\\/#organization\"},\"image\":{\"@id\":\"https:\\\/\\\/bureaudesheuresinvisibles.art\\\/jeudi-29-fevrier-2024#primaryimage\"},\"thumbnailUrl\":\"https:\\\/\\\/bureaudesheuresinvisibles.art\\\/wp-content\\\/uploads\\\/2024\\\/03\\\/605a5cd4-a6ba-de43-e4a8-f4d25f6b9642-1024x515.webp\",\"articleSection\":[\"2024\"],\"inLanguage\":\"en-US\"},{\"@type\":\"WebPage\",\"@id\":\"https:\\\/\\\/bureaudesheuresinvisibles.art\\\/jeudi-29-fevrier-2024\",\"url\":\"https:\\\/\\\/bureaudesheuresinvisibles.art\\\/jeudi-29-fevrier-2024\",\"name\":\"Jeudi 29 f\u00e9vrier 2024 - bureau des heures invisibles\",\"isPartOf\":{\"@id\":\"https:\\\/\\\/bureaudesheuresinvisibles.art\\\/#website\"},\"primaryImageOfPage\":{\"@id\":\"https:\\\/\\\/bureaudesheuresinvisibles.art\\\/jeudi-29-fevrier-2024#primaryimage\"},\"image\":{\"@id\":\"https:\\\/\\\/bureaudesheuresinvisibles.art\\\/jeudi-29-fevrier-2024#primaryimage\"},\"thumbnailUrl\":\"https:\\\/\\\/bureaudesheuresinvisibles.art\\\/wp-content\\\/uploads\\\/2024\\\/03\\\/605a5cd4-a6ba-de43-e4a8-f4d25f6b9642-1024x515.webp\",\"datePublished\":\"2024-03-01T13:24:27+00:00\",\"dateModified\":\"2024-12-11T11:07:57+00:00\",\"breadcrumb\":{\"@id\":\"https:\\\/\\\/bureaudesheuresinvisibles.art\\\/jeudi-29-fevrier-2024#breadcrumb\"},\"inLanguage\":\"en-US\",\"potentialAction\":[{\"@type\":\"ReadAction\",\"target\":[\"https:\\\/\\\/bureaudesheuresinvisibles.art\\\/jeudi-29-fevrier-2024\"]}]},{\"@type\":\"ImageObject\",\"inLanguage\":\"en-US\",\"@id\":\"https:\\\/\\\/bureaudesheuresinvisibles.art\\\/jeudi-29-fevrier-2024#primaryimage\",\"url\":\"https:\\\/\\\/bureaudesheuresinvisibles.art\\\/wp-content\\\/uploads\\\/2024\\\/03\\\/605a5cd4-a6ba-de43-e4a8-f4d25f6b9642-1024x515.webp\",\"contentUrl\":\"https:\\\/\\\/bureaudesheuresinvisibles.art\\\/wp-content\\\/uploads\\\/2024\\\/03\\\/605a5cd4-a6ba-de43-e4a8-f4d25f6b9642-1024x515.webp\"},{\"@type\":\"BreadcrumbList\",\"@id\":\"https:\\\/\\\/bureaudesheuresinvisibles.art\\\/jeudi-29-fevrier-2024#breadcrumb\",\"itemListElement\":[{\"@type\":\"ListItem\",\"position\":1,\"name\":\"Accueil\",\"item\":\"https:\\\/\\\/bureaudesheuresinvisibles.art\\\/\"},{\"@type\":\"ListItem\",\"position\":2,\"name\":\"Jeudi 29 f\u00e9vrier 2024\"}]},{\"@type\":\"WebSite\",\"@id\":\"https:\\\/\\\/bureaudesheuresinvisibles.art\\\/#website\",\"url\":\"https:\\\/\\\/bureaudesheuresinvisibles.art\\\/\",\"name\":\"bureau des heures invisibles\",\"description\":\"\",\"publisher\":{\"@id\":\"https:\\\/\\\/bureaudesheuresinvisibles.art\\\/#organization\"},\"potentialAction\":[{\"@type\":\"SearchAction\",\"target\":{\"@type\":\"EntryPoint\",\"urlTemplate\":\"https:\\\/\\\/bureaudesheuresinvisibles.art\\\/?s={search_term_string}\"},\"query-input\":{\"@type\":\"PropertyValueSpecification\",\"valueRequired\":true,\"valueName\":\"search_term_string\"}}],\"inLanguage\":\"en-US\"},{\"@type\":\"Organization\",\"@id\":\"https:\\\/\\\/bureaudesheuresinvisibles.art\\\/#organization\",\"name\":\"bureau des heures invisibles\",\"url\":\"https:\\\/\\\/bureaudesheuresinvisibles.art\\\/\",\"logo\":{\"@type\":\"ImageObject\",\"inLanguage\":\"en-US\",\"@id\":\"https:\\\/\\\/bureaudesheuresinvisibles.art\\\/#\\\/schema\\\/logo\\\/image\\\/\",\"url\":\"https:\\\/\\\/bureaudesheuresinvisibles.art\\\/wp-content\\\/uploads\\\/2022\\\/07\\\/logobhi_Plan-de-travail-1.png\",\"contentUrl\":\"https:\\\/\\\/bureaudesheuresinvisibles.art\\\/wp-content\\\/uploads\\\/2022\\\/07\\\/logobhi_Plan-de-travail-1.png\",\"width\":1549,\"height\":509,\"caption\":\"bureau des heures invisibles\"},\"image\":{\"@id\":\"https:\\\/\\\/bureaudesheuresinvisibles.art\\\/#\\\/schema\\\/logo\\\/image\\\/\"},\"sameAs\":[\"https:\\\/\\\/www.instagram.com\\\/bureaudesheuresinvisibles\\\/\"]},{\"@type\":\"Person\",\"@id\":\"https:\\\/\\\/bureaudesheuresinvisibles.art\\\/#\\\/schema\\\/person\\\/47d4ffba3b9215041cda77dc3b21bf4e\",\"name\":\"bhi789632415\",\"image\":{\"@type\":\"ImageObject\",\"inLanguage\":\"en-US\",\"@id\":\"https:\\\/\\\/secure.gravatar.com\\\/avatar\\\/71dee3c96e6d7fffbaf42a74451ab63007d7a6399cb2055f7147cb2753ce5fb6?s=96&d=mm&r=g\",\"url\":\"https:\\\/\\\/secure.gravatar.com\\\/avatar\\\/71dee3c96e6d7fffbaf42a74451ab63007d7a6399cb2055f7147cb2753ce5fb6?s=96&d=mm&r=g\",\"contentUrl\":\"https:\\\/\\\/secure.gravatar.com\\\/avatar\\\/71dee3c96e6d7fffbaf42a74451ab63007d7a6399cb2055f7147cb2753ce5fb6?s=96&d=mm&r=g\",\"caption\":\"bhi789632415\"},\"sameAs\":[\"http:\\\/\\\/bureaudesheuresinvisibles.art\"],\"url\":\"https:\\\/\\\/bureaudesheuresinvisibles.art\\\/en\\\/author\\\/bhi789632415\"}]}<\/script>\n<!-- \/ Yoast SEO plugin. -->","yoast_head_json":{"title":"Jeudi 29 f\u00e9vrier 2024 - bureau des heures invisibles","robots":{"index":"index","follow":"follow","max-snippet":"max-snippet:-1","max-image-preview":"max-image-preview:large","max-video-preview":"max-video-preview:-1"},"canonical":"https:\/\/bureaudesheuresinvisibles.art\/en\/jeudi-29-fevrier-2024\/","og_locale":"en_US","og_type":"article","og_title":"Jeudi 29 f\u00e9vrier 2024 - bureau des heures invisibles","og_description":"Jeudi 29 f\u00e9vrier 2024 Le bureau des heures invisibles pr\u00e9sente une restitution autour d&rsquo;un projet en commun avec Julieta Hanono, Fabienne Brug\u00e8re, Mara Montanaro, et L&rsquo;Atelier D\u00e9brouille organis\u00e9e par le Cercle Chromatic, l\u2019association des alumni des Beaux-Arts de Paris, de 18h00 \u00e0 20h00, Amphith\u00e9\u00e2tre des M\u00fbriers (14 rue Bonaparte, 75006 Paris). \u00a0 L\u2019artiste Julieta Hanono [&hellip;]","og_url":"https:\/\/bureaudesheuresinvisibles.art\/en\/jeudi-29-fevrier-2024\/","og_site_name":"bureau des heures invisibles","article_published_time":"2024-03-01T13:24:27+00:00","article_modified_time":"2024-12-11T11:07:57+00:00","og_image":[{"url":"https:\/\/bureaudesheuresinvisibles.art\/wp-content\/uploads\/2024\/03\/605a5cd4-a6ba-de43-e4a8-f4d25f6b9642-1024x515.webp","type":"","width":"","height":""}],"author":"bhi789632415","twitter_card":"summary_large_image","twitter_misc":{"Written by":"bhi789632415","Est. reading time":"3 minutes"},"schema":{"@context":"https:\/\/schema.org","@graph":[{"@type":"Article","@id":"https:\/\/bureaudesheuresinvisibles.art\/jeudi-29-fevrier-2024#article","isPartOf":{"@id":"https:\/\/bureaudesheuresinvisibles.art\/jeudi-29-fevrier-2024"},"author":{"name":"bhi789632415","@id":"https:\/\/bureaudesheuresinvisibles.art\/#\/schema\/person\/47d4ffba3b9215041cda77dc3b21bf4e"},"headline":"Jeudi 29 f\u00e9vrier 2024","datePublished":"2024-03-01T13:24:27+00:00","dateModified":"2024-12-11T11:07:57+00:00","mainEntityOfPage":{"@id":"https:\/\/bureaudesheuresinvisibles.art\/jeudi-29-fevrier-2024"},"wordCount":536,"commentCount":0,"publisher":{"@id":"https:\/\/bureaudesheuresinvisibles.art\/#organization"},"image":{"@id":"https:\/\/bureaudesheuresinvisibles.art\/jeudi-29-fevrier-2024#primaryimage"},"thumbnailUrl":"https:\/\/bureaudesheuresinvisibles.art\/wp-content\/uploads\/2024\/03\/605a5cd4-a6ba-de43-e4a8-f4d25f6b9642-1024x515.webp","articleSection":["2024"],"inLanguage":"en-US"},{"@type":"WebPage","@id":"https:\/\/bureaudesheuresinvisibles.art\/jeudi-29-fevrier-2024","url":"https:\/\/bureaudesheuresinvisibles.art\/jeudi-29-fevrier-2024","name":"Jeudi 29 f\u00e9vrier 2024 - bureau des heures invisibles","isPartOf":{"@id":"https:\/\/bureaudesheuresinvisibles.art\/#website"},"primaryImageOfPage":{"@id":"https:\/\/bureaudesheuresinvisibles.art\/jeudi-29-fevrier-2024#primaryimage"},"image":{"@id":"https:\/\/bureaudesheuresinvisibles.art\/jeudi-29-fevrier-2024#primaryimage"},"thumbnailUrl":"https:\/\/bureaudesheuresinvisibles.art\/wp-content\/uploads\/2024\/03\/605a5cd4-a6ba-de43-e4a8-f4d25f6b9642-1024x515.webp","datePublished":"2024-03-01T13:24:27+00:00","dateModified":"2024-12-11T11:07:57+00:00","breadcrumb":{"@id":"https:\/\/bureaudesheuresinvisibles.art\/jeudi-29-fevrier-2024#breadcrumb"},"inLanguage":"en-US","potentialAction":[{"@type":"ReadAction","target":["https:\/\/bureaudesheuresinvisibles.art\/jeudi-29-fevrier-2024"]}]},{"@type":"ImageObject","inLanguage":"en-US","@id":"https:\/\/bureaudesheuresinvisibles.art\/jeudi-29-fevrier-2024#primaryimage","url":"https:\/\/bureaudesheuresinvisibles.art\/wp-content\/uploads\/2024\/03\/605a5cd4-a6ba-de43-e4a8-f4d25f6b9642-1024x515.webp","contentUrl":"https:\/\/bureaudesheuresinvisibles.art\/wp-content\/uploads\/2024\/03\/605a5cd4-a6ba-de43-e4a8-f4d25f6b9642-1024x515.webp"},{"@type":"BreadcrumbList","@id":"https:\/\/bureaudesheuresinvisibles.art\/jeudi-29-fevrier-2024#breadcrumb","itemListElement":[{"@type":"ListItem","position":1,"name":"Accueil","item":"https:\/\/bureaudesheuresinvisibles.art\/"},{"@type":"ListItem","position":2,"name":"Jeudi 29 f\u00e9vrier 2024"}]},{"@type":"WebSite","@id":"https:\/\/bureaudesheuresinvisibles.art\/#website","url":"https:\/\/bureaudesheuresinvisibles.art\/","name":"bureau des heures invisibles","description":"","publisher":{"@id":"https:\/\/bureaudesheuresinvisibles.art\/#organization"},"potentialAction":[{"@type":"SearchAction","target":{"@type":"EntryPoint","urlTemplate":"https:\/\/bureaudesheuresinvisibles.art\/?s={search_term_string}"},"query-input":{"@type":"PropertyValueSpecification","valueRequired":true,"valueName":"search_term_string"}}],"inLanguage":"en-US"},{"@type":"Organization","@id":"https:\/\/bureaudesheuresinvisibles.art\/#organization","name":"bureau des heures invisibles","url":"https:\/\/bureaudesheuresinvisibles.art\/","logo":{"@type":"ImageObject","inLanguage":"en-US","@id":"https:\/\/bureaudesheuresinvisibles.art\/#\/schema\/logo\/image\/","url":"https:\/\/bureaudesheuresinvisibles.art\/wp-content\/uploads\/2022\/07\/logobhi_Plan-de-travail-1.png","contentUrl":"https:\/\/bureaudesheuresinvisibles.art\/wp-content\/uploads\/2022\/07\/logobhi_Plan-de-travail-1.png","width":1549,"height":509,"caption":"bureau des heures invisibles"},"image":{"@id":"https:\/\/bureaudesheuresinvisibles.art\/#\/schema\/logo\/image\/"},"sameAs":["https:\/\/www.instagram.com\/bureaudesheuresinvisibles\/"]},{"@type":"Person","@id":"https:\/\/bureaudesheuresinvisibles.art\/#\/schema\/person\/47d4ffba3b9215041cda77dc3b21bf4e","name":"bhi789632415","image":{"@type":"ImageObject","inLanguage":"en-US","@id":"https:\/\/secure.gravatar.com\/avatar\/71dee3c96e6d7fffbaf42a74451ab63007d7a6399cb2055f7147cb2753ce5fb6?s=96&d=mm&r=g","url":"https:\/\/secure.gravatar.com\/avatar\/71dee3c96e6d7fffbaf42a74451ab63007d7a6399cb2055f7147cb2753ce5fb6?s=96&d=mm&r=g","contentUrl":"https:\/\/secure.gravatar.com\/avatar\/71dee3c96e6d7fffbaf42a74451ab63007d7a6399cb2055f7147cb2753ce5fb6?s=96&d=mm&r=g","caption":"bhi789632415"},"sameAs":["http:\/\/bureaudesheuresinvisibles.art"],"url":"https:\/\/bureaudesheuresinvisibles.art\/en\/author\/bhi789632415"}]}},"jetpack_featured_media_url":"","_links":{"self":[{"href":"https:\/\/bureaudesheuresinvisibles.art\/en\/wp-json\/wp\/v2\/posts\/9542","targetHints":{"allow":["GET"]}}],"collection":[{"href":"https:\/\/bureaudesheuresinvisibles.art\/en\/wp-json\/wp\/v2\/posts"}],"about":[{"href":"https:\/\/bureaudesheuresinvisibles.art\/en\/wp-json\/wp\/v2\/types\/post"}],"author":[{"embeddable":true,"href":"https:\/\/bureaudesheuresinvisibles.art\/en\/wp-json\/wp\/v2\/users\/1"}],"replies":[{"embeddable":true,"href":"https:\/\/bureaudesheuresinvisibles.art\/en\/wp-json\/wp\/v2\/comments?post=9542"}],"version-history":[{"count":10,"href":"https:\/\/bureaudesheuresinvisibles.art\/en\/wp-json\/wp\/v2\/posts\/9542\/revisions"}],"predecessor-version":[{"id":11599,"href":"https:\/\/bureaudesheuresinvisibles.art\/en\/wp-json\/wp\/v2\/posts\/9542\/revisions\/11599"}],"wp:attachment":[{"href":"https:\/\/bureaudesheuresinvisibles.art\/en\/wp-json\/wp\/v2\/media?parent=9542"}],"wp:term":[{"taxonomy":"category","embeddable":true,"href":"https:\/\/bureaudesheuresinvisibles.art\/en\/wp-json\/wp\/v2\/categories?post=9542"},{"taxonomy":"post_tag","embeddable":true,"href":"https:\/\/bureaudesheuresinvisibles.art\/en\/wp-json\/wp\/v2\/tags?post=9542"}],"curies":[{"name":"wp","href":"https:\/\/api.w.org\/{rel}","templated":true}]}}